{"id":31794,"date":"2021-09-08T19:40:30","date_gmt":"2021-09-09T00:40:30","guid":{"rendered":"http:\/\/www.zonaroja.com.mx\/?p=31794"},"modified":"2021-09-08T19:40:34","modified_gmt":"2021-09-09T00:40:34","slug":"exhorta-el-congreso-al-gobierno-atender-a-personas-afectadas-por-lluvias","status":"publish","type":"post","link":"https:\/\/zonaroja.com.mx\/?p=31794","title":{"rendered":"Exhorta el Congreso al gobierno atender a personas afectadas por lluvias"},"content":{"rendered":"\n<p>Redacci\u00f3n\/Zona Roja.<\/p>\n\n\n\n<p>Oaxaca de Ju\u00e1rez, Oax., 8 de septiembre de 2021. A propuesta de la diputada Magaly L\u00f3pez Dom\u00ednguez, el Congreso el Estado aprob\u00f3 exhortar al gobierno estatal a que atienda a las personas afectadas por las lluvias en la regi\u00f3n de Valles Centrales.<\/p>\n\n\n\n<p>En primera instancia, se pidi\u00f3 al titular del Poder Ejecutivo a que instruya lo necesario para atender a las familias afectadas por las lluvias registrada la tarde del lunes 6 de septiembre en dicha zona.<\/p>\n\n\n\n<p>Tambi\u00e9n se exige a los titulares de la Secretar\u00eda General de Gobierno (Segego) y de la Coordinaci\u00f3n Estatal de Protecci\u00f3n Civil (CEPCO), a que de manera inmediata habiliten y operen espacios p\u00fablicos en funci\u00f3n de albergues, refugios emergentes o centros de atenci\u00f3n, en las ocho regiones del estado.<\/p>\n\n\n\n<p>Lo anterior, ante la presente temporada de lluvias, los cuales ya deber\u00e1n contar con los elementos necesarios y suficientes para preservar la vida y la integridad f\u00edsica de la poblaci\u00f3n oaxaque\u00f1a.<\/p>\n\n\n\n<p>La diputada Magaly L\u00f3pez Dom\u00ednguez, expuso que, de acuerdo a la CEPCO, las lluvias del pasado lunes en la zona metropolitana de Oaxaca ocasionaron severas inundaciones en calles y avenidas principales, derrumbes en carreteras y da\u00f1os en hogares.<\/p>\n\n\n\n<p>Dentro de estos se report\u00f3 el desbordamiento de los r\u00edos \u201cAtoyac\u201d y \u201cSalado\u201d, entre otros, lo que gener\u00f3 da\u00f1os en la capital y en los municipios aleda\u00f1os, y corrientes de agua en calles que arrastraron veh\u00edculos, inundaron viviendas, negocios y centros comerciales.<\/p>\n\n\n\n<p>La lluvia que cay\u00f3 desde la tarde del lunes y continu\u00f3 durante la madrugada del martes. No se reportaron p\u00e9rdidas humanas ni lesionados, pero s\u00ed da\u00f1os materiales.<\/p>\n\n\n\n<p>Adem\u00e1s, las autoridades estatales reportaron ca\u00edda de \u00e1rboles y derrumbes en las carreteras Tuxtepec-Oaxaca, en el tramo La Esperanza-Ixtl\u00e1n; y un derrumbe en la Huajuapan de Le\u00f3n-Oaxaca.<\/p>\n\n\n\n<p>Varios veh\u00edculos fueron arrastrados por el agua en la capital del estado, donde tambi\u00e9n se inundaron los locales de la Central de Abasto, punto neur\u00e1lgico para la econom\u00eda de las familias oaxaque\u00f1as.<\/p>\n","protected":false},"excerpt":{"rendered":"<p>Redacci\u00f3n\/Zona Roja. Oaxaca de Ju\u00e1rez, Oax., 8 de septiembre de 2021. A propuesta de la&hellip;<\/p>\n","protected":false},"author":2,"featured_media":31795,"comment_status":"closed","ping_status":"open","sticky":false,"template":"","format":"standard","meta":{"_lmt_disableupdate":"","_lmt_disable":"","_jetpack_memberships_contains_paid_content":false,"footnotes":""},"categories":[109,46],"tags":[192],"class_list":["post-31794","post","type-post","status-publish","format-standard","has-post-thumbnail","hentry","category-minuto-a-minuto","category-zona-blanca","tag-diputada-magaly-lopez-dominguez"],"jetpack_featured_media_url":"https:\/\/zonaroja.com.mx\/wp-content\/uploads\/2021\/09\/Diputada-Magaly-Lopez-Dominguez.jpeg","jetpack_sharing_enabled":true,"_links":{"self":[{"href":"https:\/\/zonaroja.com.mx\/index.php?rest_route=\/wp\/v2\/posts\/31794","targetHints":{"allow":["GET"]}}],"collection":[{"href":"https:\/\/zonaroja.com.mx\/index.php?rest_route=\/wp\/v2\/posts"}],"about":[{"href":"https:\/\/zonaroja.com.mx\/index.php?rest_route=\/wp\/v2\/types\/post"}],"author":[{"embeddable":true,"href":"https:\/\/zonaroja.com.mx\/index.php?rest_route=\/wp\/v2\/users\/2"}],"replies":[{"embeddable":true,"href":"https:\/\/zonaroja.com.mx\/index.php?rest_route=%2Fwp%2Fv2%2Fcomments&post=31794"}],"version-history":[{"count":1,"href":"https:\/\/zonaroja.com.mx\/index.php?rest_route=\/wp\/v2\/posts\/31794\/revisions"}],"predecessor-version":[{"id":31796,"href":"https:\/\/zonaroja.com.mx\/index.php?rest_route=\/wp\/v2\/posts\/31794\/revisions\/31796"}],"wp:featuredmedia":[{"embeddable":true,"href":"https:\/\/zonaroja.com.mx\/index.php?rest_route=\/wp\/v2\/media\/31795"}],"wp:attachment":[{"href":"https:\/\/zonaroja.com.mx\/index.php?rest_route=%2Fwp%2Fv2%2Fmedia&parent=31794"}],"wp:term":[{"taxonomy":"category","embeddable":true,"href":"https:\/\/zonaroja.com.mx\/index.php?rest_route=%2Fwp%2Fv2%2Fcategories&post=31794"},{"taxonomy":"post_tag","embeddable":true,"href":"https:\/\/zonaroja.com.mx\/index.php?rest_route=%2Fwp%2Fv2%2Ftags&post=31794"}],"curies":[{"name":"wp","href":"https:\/\/api.w.org\/{rel}","templated":true}]}}