{"id":31797,"date":"2021-09-08T20:14:47","date_gmt":"2021-09-09T01:14:47","guid":{"rendered":"http:\/\/www.zonaroja.com.mx\/?p=31797"},"modified":"2021-09-08T20:14:50","modified_gmt":"2021-09-09T01:14:50","slug":"firman-acuerdo-uabjo-y-autoridades-atestigua-susana-harp","status":"publish","type":"post","link":"https:\/\/zonaroja.com.mx\/?p=31797","title":{"rendered":"Firman acuerdo UABJO y autoridades; atestigua Susana Harp"},"content":{"rendered":"\n<p>Redacci\u00f3n\/Zona Roja.<\/p>\n\n\n\n<p>Oaxaca de Ju\u00e1rez, Oax., 8 de septiembre de 2021.- Con el prop\u00f3sito de continuar acercando los servicios educativos y de vinculaci\u00f3n a m\u00e1s comunidades, el rector de la Universidad Aut\u00f3noma \u201cBenito Ju\u00e1rez\u201d de Oaxaca (UABJO), Eduardo Bautista Mart\u00ednez, sign\u00f3 una carta de intenciones con autoridades municipales del distrito de Sola de Vega, as\u00ed como de Candelaria Loxicha.<\/p>\n\n\n\n<p>Dicho acto, atestiguado por la senadora de la Rep\u00fablica, Susana Harp, fue firmado por Iv\u00e1n Osael Quiroz Mart\u00ednez, presidente municipal electo de Villa Sola de Vega, y por los ediles Gabriel Hern\u00e1ndez Garc\u00eda, de Candelaria Loxicha, y Othoniel Cruz D\u00edaz, de Santo Domingo Teojomulco.<\/p>\n\n\n\n<p>De esta manera se acord\u00f3 que una vez que las autoridades municipales consideren oportuno, se formalizar\u00e1n los instrumentos jur\u00eddicos necesarios para realizar acciones de cooperaci\u00f3n interinstitucional.<\/p>\n\n\n\n<p>Al respecto, el rector dijo que la Universidad tiene mucho que ofrecer a las comunidades, a trav\u00e9s de las distintas generaciones de profesionales y de sus programas de servicio social en todas sus disciplinas.<\/p>\n\n\n\n<figure class=\"wp-block-embed-twitter wp-block-embed is-type-rich is-provider-twitter\"><div class=\"wp-block-embed__wrapper\">\n<div class=\"twitter-tweet\"><blockquote class=\"twitter-tweet\" data-lang=\"es\"><p lang=\"es\" dir=\"ltr\">Para continuar acercando los servicios educativos y sociales, esta ma\u00f1ana, el Rector de la UABJO, <a href=\"https:\/\/twitter.com\/Bautistaeduardo?ref_src=twsrc%5Etfw\">@Bautistaeduardo<\/a> sign\u00f3 una carta de intenci\u00f3n con autoridades municipales electas de Villa Sola de Vega y presidente municipales de Candelaria Loxhicha y Santo Domingo Teojomulco. <a href=\"https:\/\/t.co\/vDB14QtJhj\">pic.twitter.com\/vDB14QtJhj<\/a><\/p>&mdash; Comunicaci\u00f3nUABJO (@comunica_UABJO) <a href=\"https:\/\/twitter.com\/comunica_UABJO\/status\/1434583201926848514?ref_src=twsrc%5Etfw\">5 de septiembre de 2021<\/a><\/blockquote><\/div>\n<\/div><\/figure>\n\n\n\n<p>\u201cImportante reiterar que la m\u00e1xima casa de estudios, est\u00e1 al servicio de los pueblos y en ese sentido, deseo que esta carta de intenciones abra la posibilidad de instalar una sede del Centro de Educaci\u00f3n Continua, Abierta y a Distancia (CECAD) llevando consigo todos sus programas educativos en los niveles medio superior y superior, as\u00ed como ampliar las brigadas de salud, servicio social y vinculaci\u00f3n universitaria\u201d, enfatiz\u00f3.<\/p>\n\n\n\n<p>En su oportunidad, la senadora Susana Harp, destac\u00f3 la organizaci\u00f3n de los municipios regidos por sistemas normativos internos y el aporte institucional que brindar\u00e1 el derecho a la educaci\u00f3n en comunidades lejanas.<\/p>\n\n\n\n<p>Por su parte, el presidente municipal electo de Villa Sola de Vega, en representaci\u00f3n del grupo de localidades firmantes, celebr\u00f3 compartir objetivos comunes, as\u00ed como el intercambio de experiencias y capacitaciones sobre temas relacionados con la cultura y el arte, igualdad de g\u00e9nero, derechos humanos e investigaci\u00f3n.<\/p>\n\n\n\n<p>Los municipios que se beneficiar\u00edan adem\u00e1s de Villa Sola de Vega, son San Vicente Lachixio, San Francisco Cahuacua, Santa Mar\u00eda Lachixio, Santiago Minas, San Jacinto Tlacotepec, San Francisco Sola de Vega, San Idelfonso, Santa Mar\u00eda Zaniza, La Compa\u00f1\u00eda, San Pedro Juchatengo, Santo Domingo Teojomulco y Candelaria Loxicha.<\/p>\n","protected":false},"excerpt":{"rendered":"<p>Redacci\u00f3n\/Zona Roja. Oaxaca de Ju\u00e1rez, Oax., 8 de septiembre de 2021.- Con el prop\u00f3sito de&hellip;<\/p>\n","protected":false},"author":2,"featured_media":31798,"comment_status":"closed","ping_status":"open","sticky":false,"template":"","format":"standard","meta":{"_lmt_disableupdate":"","_lmt_disable":"","_jetpack_memberships_contains_paid_content":false,"footnotes":""},"categories":[109,46],"tags":[360,1685],"class_list":["post-31797","post","type-post","status-publish","format-standard","has-post-thumbnail","hentry","category-minuto-a-minuto","category-zona-blanca","tag-rector-eduardo-bautista-martinez","tag-susana-harp-iturribarria"],"jetpack_featured_media_url":"https:\/\/zonaroja.com.mx\/wp-content\/uploads\/2021\/09\/UABJO-y-Susana-Harp.jpg","jetpack_sharing_enabled":true,"_links":{"self":[{"href":"https:\/\/zonaroja.com.mx\/index.php?rest_route=\/wp\/v2\/posts\/31797","targetHints":{"allow":["GET"]}}],"collection":[{"href":"https:\/\/zonaroja.com.mx\/index.php?rest_route=\/wp\/v2\/posts"}],"about":[{"href":"https:\/\/zonaroja.com.mx\/index.php?rest_route=\/wp\/v2\/types\/post"}],"author":[{"embeddable":true,"href":"https:\/\/zonaroja.com.mx\/index.php?rest_route=\/wp\/v2\/users\/2"}],"replies":[{"embeddable":true,"href":"https:\/\/zonaroja.com.mx\/index.php?rest_route=%2Fwp%2Fv2%2Fcomments&post=31797"}],"version-history":[{"count":1,"href":"https:\/\/zonaroja.com.mx\/index.php?rest_route=\/wp\/v2\/posts\/31797\/revisions"}],"predecessor-version":[{"id":31799,"href":"https:\/\/zonaroja.com.mx\/index.php?rest_route=\/wp\/v2\/posts\/31797\/revisions\/31799"}],"wp:featuredmedia":[{"embeddable":true,"href":"https:\/\/zonaroja.com.mx\/index.php?rest_route=\/wp\/v2\/media\/31798"}],"wp:attachment":[{"href":"https:\/\/zonaroja.com.mx\/index.php?rest_route=%2Fwp%2Fv2%2Fmedia&parent=31797"}],"wp:term":[{"taxonomy":"category","embeddable":true,"href":"https:\/\/zonaroja.com.mx\/index.php?rest_route=%2Fwp%2Fv2%2Fcategories&post=31797"},{"taxonomy":"post_tag","embeddable":true,"href":"https:\/\/zonaroja.com.mx\/index.php?rest_route=%2Fwp%2Fv2%2Ftags&post=31797"}],"curies":[{"name":"wp","href":"https:\/\/api.w.org\/{rel}","templated":true}]}}