{"id":31800,"date":"2021-09-08T21:49:50","date_gmt":"2021-09-09T02:49:50","guid":{"rendered":"http:\/\/www.zonaroja.com.mx\/?p=31800"},"modified":"2021-09-08T21:49:53","modified_gmt":"2021-09-09T02:49:53","slug":"respalda-morena-a-cesar-morales-ante-actos-de-intimidacion","status":"publish","type":"post","link":"https:\/\/zonaroja.com.mx\/?p=31800","title":{"rendered":"Respalda Morena a C\u00e9sar Morales, ante actos de intimidaci\u00f3n"},"content":{"rendered":"\n<p>Zona Roja.<\/p>\n\n\n\n<p>Oaxaca de Ju\u00e1rez, Oax., 8 de septiembre de 2021.- Diputadas y diputados reprobaron los hechos intimidatorios realizados en contra de un integrante de la 64 Legislatura de Oaxaca.<\/p>\n\n\n\n<p>En la Sesi\u00f3n Ordinaria de este d\u00eda, Fredie Delf\u00edn Avenda\u00f1o, coordinador del grupo parlamentario de Morena, expres\u00f3 el respaldo de esta bancada pol\u00edtica hacia el congresista C\u00e9sar Enrique Morales Ni\u00f1o.<\/p>\n\n\n\n<p>El posicionamiento fue porque el 5 de septiembre, el diputado en menci\u00f3n denunci\u00f3 p\u00fablicamente que las instalaciones de su oficina de gesti\u00f3n, ubicada en Oaxaca de Ju\u00e1rez, fueron violentadas sin que se llevaran art\u00edculos de valor, lo que catalog\u00f3 como un acto evidentemente intimidatorio.<\/p>\n\n\n\n<p>Delf\u00edn Avenda\u00f1o pugn\u00f3 porque este tipo de acontecimientos no prevalezcan en Oaxaca, sobre todo porque se trabaja por un Estado en donde se sienten las bases de la democracia.<\/p>\n\n\n\n<p>\u201cEsta Legislatura reprueba tajantemente los actos cometidos contra el compa\u00f1ero diputado C\u00e9sar Morales, quien ha sido un representante popular que ha denunciado de frente hechos de corrupci\u00f3n e impulsado temas que benefician a Oaxaca\u201d, dijo.<\/p>\n\n\n\n<p>No vamos a permitir un atropello m\u00e1s a cualquiera de los integrantes de este Congreso, abund\u00f3.<\/p>\n\n\n\n<p>\u201cSabemos c\u00f3mo han actuado aquellos a quienes les incomoda la pol\u00edtica de la cuarta transformaci\u00f3n. Este Grupo Parlamentario que ha luchado por los derechos humanos, la equidad de g\u00e9nero y en contra de la inseguridad, seguiremos pugnando por el pueblo de Oaxaca\u201d, afirm\u00f3.<\/p>\n","protected":false},"excerpt":{"rendered":"<p>Zona Roja. Oaxaca de Ju\u00e1rez, Oax., 8 de septiembre de 2021.- Diputadas y diputados reprobaron&hellip;<\/p>\n","protected":false},"author":2,"featured_media":31801,"comment_status":"closed","ping_status":"open","sticky":false,"template":"","format":"standard","meta":{"_lmt_disableupdate":"","_lmt_disable":"","_jetpack_memberships_contains_paid_content":false,"footnotes":""},"categories":[109,46],"tags":[213],"class_list":["post-31800","post","type-post","status-publish","format-standard","has-post-thumbnail","hentry","category-minuto-a-minuto","category-zona-blanca","tag-64-legislatura-de-oaxaca"],"jetpack_featured_media_url":"https:\/\/zonaroja.com.mx\/wp-content\/uploads\/2021\/09\/FOTO-1-Reprueban-en-el-Congreso-actos-intimidatorios-contra-integrante-de-la-LXIV-Legislatura.jpg","jetpack_sharing_enabled":true,"_links":{"self":[{"href":"https:\/\/zonaroja.com.mx\/index.php?rest_route=\/wp\/v2\/posts\/31800","targetHints":{"allow":["GET"]}}],"collection":[{"href":"https:\/\/zonaroja.com.mx\/index.php?rest_route=\/wp\/v2\/posts"}],"about":[{"href":"https:\/\/zonaroja.com.mx\/index.php?rest_route=\/wp\/v2\/types\/post"}],"author":[{"embeddable":true,"href":"https:\/\/zonaroja.com.mx\/index.php?rest_route=\/wp\/v2\/users\/2"}],"replies":[{"embeddable":true,"href":"https:\/\/zonaroja.com.mx\/index.php?rest_route=%2Fwp%2Fv2%2Fcomments&post=31800"}],"version-history":[{"count":1,"href":"https:\/\/zonaroja.com.mx\/index.php?rest_route=\/wp\/v2\/posts\/31800\/revisions"}],"predecessor-version":[{"id":31802,"href":"https:\/\/zonaroja.com.mx\/index.php?rest_route=\/wp\/v2\/posts\/31800\/revisions\/31802"}],"wp:featuredmedia":[{"embeddable":true,"href":"https:\/\/zonaroja.com.mx\/index.php?rest_route=\/wp\/v2\/media\/31801"}],"wp:attachment":[{"href":"https:\/\/zonaroja.com.mx\/index.php?rest_route=%2Fwp%2Fv2%2Fmedia&parent=31800"}],"wp:term":[{"taxonomy":"category","embeddable":true,"href":"https:\/\/zonaroja.com.mx\/index.php?rest_route=%2Fwp%2Fv2%2Fcategories&post=31800"},{"taxonomy":"post_tag","embeddable":true,"href":"https:\/\/zonaroja.com.mx\/index.php?rest_route=%2Fwp%2Fv2%2Ftags&post=31800"}],"curies":[{"name":"wp","href":"https:\/\/api.w.org\/{rel}","templated":true}]}}