{"id":31803,"date":"2021-09-08T21:59:33","date_gmt":"2021-09-09T02:59:33","guid":{"rendered":"http:\/\/www.zonaroja.com.mx\/?p=31803"},"modified":"2021-09-08T21:59:37","modified_gmt":"2021-09-09T02:59:37","slug":"oaxaca-en-tercer-dia-en-semaforo-amarillo-415-positivos-5-25-decesos","status":"publish","type":"post","link":"https:\/\/zonaroja.com.mx\/?p=31803","title":{"rendered":"Oaxaca en tercer d\u00eda en sem\u00e1foro amarillo: 415 positivos 5 25 decesos"},"content":{"rendered":"\n<p>Redacci\u00f3n\/Zona Roja.<\/p>\n\n\n\n<p>Oaxaca de Ju\u00e1rez, Oax., 8 de septiembre de 2021.- Al corte de este mi\u00e9rcoles, los Servicios de Salud de Oaxaca (SSO) han notificado 415 casos nuevos de Covid-19 y 25 decesos, sumando 70 mil 837 casos acumulados y cuatro mil 770 defunciones. Adem\u00e1s, hay mil 730 personas activas con la enfermedad en 156 municipios.<\/p>\n\n\n\n<p>En este sentido, la instituci\u00f3n recomienda a la poblaci\u00f3n continuar con las medidas sanitarias para poder disminuir el n\u00famero de contagios, entre \u00e9stas est\u00e1n el evitar lugares cerrados y con poca ventilaci\u00f3n, portar el cubrebocas de forma correcta, aplicar la sana distancia de 1.5 metros, lavarse las manos con agua y jab\u00f3n, o usar alcohol en gel al 70%.<\/p>\n\n\n\n<p>La Jurisdicci\u00f3n Sanitaria de Valles Centrales contabiliza 43 mil 134 casos confirmados y dos mil 147 defunciones; Istmo nueve mil 336 confirmados y mil 016 decesos; Tuxtepec cuatro mil 953 casos confirmados y 457 fallecimientos; Costa cinco mil 341 positivos y 420 muertes; Mixteca cinco mil 719 casos confirmados y 478 p\u00e9rdidas fatales; Sierra dos mil 354 casos confirmados y 252 defunciones.<\/p>\n\n\n\n<p>Los 415 casos nuevos afectan a 81 municipios, siendo el de Oaxaca de Ju\u00e1rez el primer lugar con 113, seguido de la Heroica Ciudad de Juchit\u00e1n de Zaragoza con 23, Santa Cruz Xoxocotl\u00e1n 20, Salina Cruz 19, Ciudad Ixtepec y Santa Luc\u00eda del Camino 18 cada uno, San Juan Bautista Tuxtepec 17, Santa Mar\u00eda Huatulco 14, San Antonio de la Cal nueve, el resto de ocho a un solo caso.<\/p>\n\n\n\n<figure class=\"wp-block-embed-twitter wp-block-embed is-type-rich is-provider-twitter\"><div class=\"wp-block-embed__wrapper\">\n<div class=\"twitter-tweet\"><blockquote class=\"twitter-tweet\" data-lang=\"es\"><p lang=\"es\" dir=\"ltr\"><a href=\"https:\/\/twitter.com\/hashtag\/%C3%9AltimoMinuto?src=hash&amp;ref_src=twsrc%5Etfw\">#\u00daltimoMinuto<\/a><br>Los Servicios de Salud de <a href=\"https:\/\/twitter.com\/hashtag\/Oaxaca?src=hash&amp;ref_src=twsrc%5Etfw\">#Oaxaca<\/a> reportan este mi\u00e9rcoles 415 casos positivos a Covid; suman 70 mil 837 casos acumulados.<br>Asimismo, 25 decesos, para un total de 4 mil 770 fallecimientos.<br>Hay 12 hospitales saturados; ocupaci\u00f3n hospitalaria al 64.4%.<a href=\"https:\/\/twitter.com\/hashtag\/Qu%C3%A9dateEnCasa?src=hash&amp;ref_src=twsrc%5Etfw\">#Qu\u00e9dateEnCasa<\/a> <a href=\"https:\/\/t.co\/0JlAUvX7qf\">pic.twitter.com\/0JlAUvX7qf<\/a><\/p>&mdash; Zona Roja Oaxaca (@Zona_Roja_Oax) <a href=\"https:\/\/twitter.com\/Zona_Roja_Oax\/status\/1435776494882725896?ref_src=twsrc%5Etfw\">9 de septiembre de 2021<\/a><\/blockquote><\/div>\n<\/div><\/figure>\n\n\n\n<p>De las cuatro mil 770 defunciones, tres mil 056 han sido hombres y mil 714 mujeres; los grupos de edad m\u00e1s afectados, son los de 65 y m\u00e1s a\u00f1os con dos mil 209, 50 a 59 con mil 026, 60 a 64 a\u00f1os con 669 y de 25 a 44 con 489. Las comorbilidades asociadas son la hipertensi\u00f3n arterial, seguida de diabetes, obesidad e insuficiencia renal.<\/p>\n\n\n\n<p>En relaci\u00f3n a la ocupaci\u00f3n hospitalaria, destaca la Jurisdicci\u00f3n Sanitaria de Valles Centrales con 75.7%, seguida de la Mixteca con 61%, Istmo 60.5%, Tuxtepec con el 58.7%, Costa 41.2% y Sierra 0%. Hay 12 hospitales al 100% de saturaci\u00f3n; de las 509 camas destinadas para pacientes con esta enfermedad, se encuentran disponibles 181.<\/p>\n\n\n\n<p>La dependencia puntualiz\u00f3 la importancia de seguir cuidando nuestra salud, para mitigar la pandemia en la entidad, pues solo con la participaci\u00f3n de la sociedad y autoridades de los 570 municipios se podr\u00e1 desacelerar la ocupaci\u00f3n en la red m\u00e9dica y evitar la p\u00e9rdida de vidas humanas.<\/p>\n","protected":false},"excerpt":{"rendered":"<p>Redacci\u00f3n\/Zona Roja. Oaxaca de Ju\u00e1rez, Oax., 8 de septiembre de 2021.- Al corte de este&hellip;<\/p>\n","protected":false},"author":2,"featured_media":31804,"comment_status":"closed","ping_status":"open","sticky":false,"template":"","format":"standard","meta":{"_lmt_disableupdate":"","_lmt_disable":"","_jetpack_memberships_contains_paid_content":false,"footnotes":""},"categories":[109,47],"tags":[1512],"class_list":["post-31803","post","type-post","status-publish","format-standard","has-post-thumbnail","hentry","category-minuto-a-minuto","category-zona-gris","tag-coronavirus-oaxaca"],"jetpack_featured_media_url":"https:\/\/zonaroja.com.mx\/wp-content\/uploads\/2021\/09\/SSO-1-3.jpg","jetpack_sharing_enabled":true,"_links":{"self":[{"href":"https:\/\/zonaroja.com.mx\/index.php?rest_route=\/wp\/v2\/posts\/31803","targetHints":{"allow":["GET"]}}],"collection":[{"href":"https:\/\/zonaroja.com.mx\/index.php?rest_route=\/wp\/v2\/posts"}],"about":[{"href":"https:\/\/zonaroja.com.mx\/index.php?rest_route=\/wp\/v2\/types\/post"}],"author":[{"embeddable":true,"href":"https:\/\/zonaroja.com.mx\/index.php?rest_route=\/wp\/v2\/users\/2"}],"replies":[{"embeddable":true,"href":"https:\/\/zonaroja.com.mx\/index.php?rest_route=%2Fwp%2Fv2%2Fcomments&post=31803"}],"version-history":[{"count":1,"href":"https:\/\/zonaroja.com.mx\/index.php?rest_route=\/wp\/v2\/posts\/31803\/revisions"}],"predecessor-version":[{"id":31805,"href":"https:\/\/zonaroja.com.mx\/index.php?rest_route=\/wp\/v2\/posts\/31803\/revisions\/31805"}],"wp:featuredmedia":[{"embeddable":true,"href":"https:\/\/zonaroja.com.mx\/index.php?rest_route=\/wp\/v2\/media\/31804"}],"wp:attachment":[{"href":"https:\/\/zonaroja.com.mx\/index.php?rest_route=%2Fwp%2Fv2%2Fmedia&parent=31803"}],"wp:term":[{"taxonomy":"category","embeddable":true,"href":"https:\/\/zonaroja.com.mx\/index.php?rest_route=%2Fwp%2Fv2%2Fcategories&post=31803"},{"taxonomy":"post_tag","embeddable":true,"href":"https:\/\/zonaroja.com.mx\/index.php?rest_route=%2Fwp%2Fv2%2Ftags&post=31803"}],"curies":[{"name":"wp","href":"https:\/\/api.w.org\/{rel}","templated":true}]}}