{"id":31806,"date":"2021-09-08T22:15:18","date_gmt":"2021-09-09T03:15:18","guid":{"rendered":"http:\/\/www.zonaroja.com.mx\/?p=31806"},"modified":"2021-09-08T22:15:22","modified_gmt":"2021-09-09T03:15:22","slug":"indaga-fiscalia-al-imss-por-entregar-pierna-ensangrentada-en-lugar-de-bebe","status":"publish","type":"post","link":"https:\/\/zonaroja.com.mx\/?p=31806","title":{"rendered":"Indaga Fiscal\u00eda al IMSS por entregar pierna ensangrentada en lugar de beb\u00e9"},"content":{"rendered":"\n<p>Redacci\u00f3n\/Zona Roja.<\/p>\n\n\n\n<p>Oaxaca de Ju\u00e1rez, Oax., 8 de septiembre de 2021.- La Vicefiscal\u00eda Regional de la Mixteca, dependiente de la Fiscal\u00eda General del Estado de Oaxaca, abri\u00f3 la Carpeta de Investigaci\u00f3n 29099\/FMIX\/HUAJUAPAN\/2021, por una probable negligencia en el hospital del IMSS en Huajuapan de Le\u00f3n.<\/p>\n\n\n\n<p>Una familia originaria de Santa Cruz Tacache de Mina, presuntamente tom\u00f3 un ata\u00fad equivocado de dicho nosocomio y se llev\u00f3 una pierna que hab\u00eda sido amputada a un paciente, en lugar del cuerpo de un beb\u00e9 que hab\u00eda perdido la vida por problemas de salud que ya presentaba.<\/p>\n\n\n\n<p>De acuerdo con la agencia Igavec de la regi\u00f3n, los familiares&nbsp; ingresaron al nosocomio y sin esperar a las autoridades m\u00e9dicas, sacaron el ata\u00fad a pesar&nbsp; que hab\u00edan sido informados&nbsp; que se estaban llevando la caja equivocada llev\u00e1ndola hasta Tacache de Mina.<\/p>\n\n\n\n<p>Fue hasta que llegaron a su destino que se percataron que conten\u00eda pierna, que a\u00fan sangraba, por lo que retornaron a Huajuapan, recuperando el cuerpo del beb\u00e9.<\/p>\n\n\n\n<p>Tras ello, denunciaron al IMSS en la&nbsp; Vicefiscal\u00eda&nbsp; Regional de la&nbsp; Mixteca, lo cual consta en la carpeta de investigaci\u00f3n 29099\/FMIX\/HUAJUAPAN\/2021 a lo cual la autoridad realizar\u00e1 las investigaciones&nbsp; correspondientes, refiri\u00f3 la agencia Igavec.<\/p>\n","protected":false},"excerpt":{"rendered":"<p>Redacci\u00f3n\/Zona Roja. Oaxaca de Ju\u00e1rez, Oax., 8 de septiembre de 2021.- La Vicefiscal\u00eda Regional de&hellip;<\/p>\n","protected":false},"author":2,"featured_media":15240,"comment_status":"closed","ping_status":"open","sticky":false,"template":"","format":"standard","meta":{"_lmt_disableupdate":"","_lmt_disable":"","_jetpack_memberships_contains_paid_content":false,"footnotes":""},"categories":[109,47],"tags":[2349],"class_list":["post-31806","post","type-post","status-publish","format-standard","has-post-thumbnail","hentry","category-minuto-a-minuto","category-zona-gris","tag-imss-huajuapan-de-leon"],"jetpack_featured_media_url":"https:\/\/zonaroja.com.mx\/wp-content\/uploads\/2020\/07\/IMSS-Huajuapan.jpg","jetpack_sharing_enabled":true,"_links":{"self":[{"href":"https:\/\/zonaroja.com.mx\/index.php?rest_route=\/wp\/v2\/posts\/31806","targetHints":{"allow":["GET"]}}],"collection":[{"href":"https:\/\/zonaroja.com.mx\/index.php?rest_route=\/wp\/v2\/posts"}],"about":[{"href":"https:\/\/zonaroja.com.mx\/index.php?rest_route=\/wp\/v2\/types\/post"}],"author":[{"embeddable":true,"href":"https:\/\/zonaroja.com.mx\/index.php?rest_route=\/wp\/v2\/users\/2"}],"replies":[{"embeddable":true,"href":"https:\/\/zonaroja.com.mx\/index.php?rest_route=%2Fwp%2Fv2%2Fcomments&post=31806"}],"version-history":[{"count":1,"href":"https:\/\/zonaroja.com.mx\/index.php?rest_route=\/wp\/v2\/posts\/31806\/revisions"}],"predecessor-version":[{"id":31807,"href":"https:\/\/zonaroja.com.mx\/index.php?rest_route=\/wp\/v2\/posts\/31806\/revisions\/31807"}],"wp:featuredmedia":[{"embeddable":true,"href":"https:\/\/zonaroja.com.mx\/index.php?rest_route=\/wp\/v2\/media\/15240"}],"wp:attachment":[{"href":"https:\/\/zonaroja.com.mx\/index.php?rest_route=%2Fwp%2Fv2%2Fmedia&parent=31806"}],"wp:term":[{"taxonomy":"category","embeddable":true,"href":"https:\/\/zonaroja.com.mx\/index.php?rest_route=%2Fwp%2Fv2%2Fcategories&post=31806"},{"taxonomy":"post_tag","embeddable":true,"href":"https:\/\/zonaroja.com.mx\/index.php?rest_route=%2Fwp%2Fv2%2Ftags&post=31806"}],"curies":[{"name":"wp","href":"https:\/\/api.w.org\/{rel}","templated":true}]}}