{"id":3181,"date":"2019-08-18T20:37:41","date_gmt":"2019-08-19T01:37:41","guid":{"rendered":"http:\/\/www.zonaroja.com.mx\/?p=3181"},"modified":"2019-08-18T20:37:44","modified_gmt":"2019-08-19T01:37:44","slug":"la-cuenca-tambien-sangra-tres-ejecutados-este-domingo","status":"publish","type":"post","link":"https:\/\/zonaroja.com.mx\/?p=3181","title":{"rendered":"La Cuenca tambi\u00e9n sangra: tres ejecutados este domingo"},"content":{"rendered":"\n<p>Redacci\u00f3n\/Zona Roja.<\/p>\n\n\n\n<p>Oaxaca de Ju\u00e1rez, Oax., 18 de agosto de\n2019.- Como parte de la docena de asesinatos ocurridos durante el fin de semana\nen Oaxaca, este domingo tres personas fueron ejecutadas en la regi\u00f3n de la\nCuenca del Papaloapan.<\/p>\n\n\n\n<p>El m\u00e1s reciente caso ocurri\u00f3 en el\nmunicipio de Acatl\u00e1n de P\u00e9rez Figueroa, donde fue ultimado por disparos de arma\nde fuego una persona hasta ahora identificada como Florencio Pe\u00f1a P.<\/p>\n\n\n\n<p>Momentos antes, pero en San Juan\nBautista Tuxtepec, sobre el bulevar Benito Ju\u00e1rez, cerca del hospital del IMSS,\nfue asesinado un individuo quien en vida respondi\u00f3 al nombre de Juan Luis Perea\nL\u00f3pez, de aproximadamente 25 a\u00f1os de edad.<\/p>\n\n\n\n<p>Horas antes tambi\u00e9n en Tuxtepec, fue\nultimado a balazos el taxista que conduc\u00eda la unidad con n\u00famero econ\u00f3mico 03 y\nquien fue conocido como Bartolom\u00e9 Lorenzo.<\/p>\n\n\n\n<p>La v\u00edctima fue atacada sobre la calle\nMargarita de Gotari de la colonia El Progreso.<\/p>\n","protected":false},"excerpt":{"rendered":"<p>Redacci\u00f3n\/Zona Roja. Oaxaca de Ju\u00e1rez, Oax., 18 de agosto de 2019.- Como parte de la&hellip;<\/p>\n","protected":false},"author":2,"featured_media":3182,"comment_status":"closed","ping_status":"open","sticky":false,"template":"","format":"standard","meta":{"_lmt_disableupdate":"","_lmt_disable":"","_jetpack_memberships_contains_paid_content":false,"footnotes":""},"categories":[109,51],"tags":[187,571,118],"class_list":["post-3181","post","type-post","status-publish","format-standard","has-post-thumbnail","hentry","category-minuto-a-minuto","category-zona-roja","tag-acatlan-de-perez-figueroa","tag-ejecutados-en-la-cuenca","tag-san-juan-bautista-tuxtepec"],"jetpack_featured_media_url":"https:\/\/zonaroja.com.mx\/wp-content\/uploads\/2019\/08\/IMG_9579.jpg","jetpack_sharing_enabled":true,"_links":{"self":[{"href":"https:\/\/zonaroja.com.mx\/index.php?rest_route=\/wp\/v2\/posts\/3181","targetHints":{"allow":["GET"]}}],"collection":[{"href":"https:\/\/zonaroja.com.mx\/index.php?rest_route=\/wp\/v2\/posts"}],"about":[{"href":"https:\/\/zonaroja.com.mx\/index.php?rest_route=\/wp\/v2\/types\/post"}],"author":[{"embeddable":true,"href":"https:\/\/zonaroja.com.mx\/index.php?rest_route=\/wp\/v2\/users\/2"}],"replies":[{"embeddable":true,"href":"https:\/\/zonaroja.com.mx\/index.php?rest_route=%2Fwp%2Fv2%2Fcomments&post=3181"}],"version-history":[{"count":1,"href":"https:\/\/zonaroja.com.mx\/index.php?rest_route=\/wp\/v2\/posts\/3181\/revisions"}],"predecessor-version":[{"id":3183,"href":"https:\/\/zonaroja.com.mx\/index.php?rest_route=\/wp\/v2\/posts\/3181\/revisions\/3183"}],"wp:featuredmedia":[{"embeddable":true,"href":"https:\/\/zonaroja.com.mx\/index.php?rest_route=\/wp\/v2\/media\/3182"}],"wp:attachment":[{"href":"https:\/\/zonaroja.com.mx\/index.php?rest_route=%2Fwp%2Fv2%2Fmedia&parent=3181"}],"wp:term":[{"taxonomy":"category","embeddable":true,"href":"https:\/\/zonaroja.com.mx\/index.php?rest_route=%2Fwp%2Fv2%2Fcategories&post=3181"},{"taxonomy":"post_tag","embeddable":true,"href":"https:\/\/zonaroja.com.mx\/index.php?rest_route=%2Fwp%2Fv2%2Ftags&post=3181"}],"curies":[{"name":"wp","href":"https:\/\/api.w.org\/{rel}","templated":true}]}}