{"id":31817,"date":"2021-09-09T07:53:37","date_gmt":"2021-09-09T12:53:37","guid":{"rendered":"http:\/\/www.zonaroja.com.mx\/?p=31817"},"modified":"2021-09-09T14:49:06","modified_gmt":"2021-09-09T19:49:06","slug":"maria-elena-rios-dos-anos-en-espera-de-justicia-dos-anos-de-impunidad","status":"publish","type":"post","link":"https:\/\/zonaroja.com.mx\/?p=31817","title":{"rendered":"Mar\u00eda Elena R\u00edos: dos a\u00f1os en espera de justicia; dos a\u00f1os de impunidad"},"content":{"rendered":"\n<p>Evlin Arag\u00f3n\/Zona Roja.<\/p>\n\n\n\n<p>Oaxaca de Ju\u00e1rez, Oax., 9 de septiembre de 2021.- \u201cHoy, hace dos a\u00f1os, justo a esta hora, terminaba de culminar un fin de semana lleno de actividades; esta \u00faltima semana en la que fui modelo para un videoclip.<\/p>\n\n\n\n<p>\u201cJam\u00e1s imagin\u00e9 que ser\u00eda la \u00faltima foto con la piel que Dios me dio. No sab\u00eda que quer\u00edan matarme con \u00e1cido y que todo ser\u00eda una pesadilla\u201d.<\/p>\n\n\n\n<p>As\u00ed narr\u00f3 Mar\u00eda Elena R\u00edos Ortiz ayer sus actividades de la v\u00edspera en que fuera atacada con \u00e1cido, en un local en Huajuapan de Le\u00f3n, Oaxaca, hace dos a\u00f1os.<\/p>\n\n\n\n<p>Fue el 9 de septiembre del 2019 que hasta la puerta de su domicilio arrib\u00f3 su agresor, con la instrucci\u00f3n previa de verterle el corrosivo encima y hacerle da\u00f1o. Previamente contact\u00f3 por tel\u00e9fono a la joven y se hizo pasar por un cliente que necesitaba apoyo en el tr\u00e1mite de un documento.&nbsp;<\/p>\n\n\n\n<p>\u201cEXTRA\u00d1O MI ROSTRO\u201d<\/p>\n\n\n\n<p>\u201cLa verdad no lo puedo evitar, extra\u00f1o mucho mi rostro\u201d, es el estremecedor mensaje que tambi\u00e9n public\u00f3 en sus redes sociales Mar\u00eda Elena R\u00edos Ortiz, acompa\u00f1ado de una fotograf\u00eda que se tom\u00f3 previo al ataque con \u00e1cido del que fue v\u00edctima y que le destroz\u00f3 la cara y parte de su cuerpo.&nbsp;<\/p>\n\n\n\n<p>Mediante una aplicaci\u00f3n en el celular, la joven saxofonista originaria de la regi\u00f3n Mixteca logr\u00f3 ver nuevamente su rostro en movimiento situaci\u00f3n que la conmovi\u00f3 de sobremanera, particularmente porque este jueves se cumplen dos a\u00f1os que las cosas cambiaron radicalmente en su vida.<\/p>\n\n\n\n<p>Nadie nunca se pudo imaginar lo que suceder\u00eda despu\u00e9s. Los gritos de Mar\u00eda Elena alertaron a su madre que en su af\u00e1n de ayudarla result\u00f3 tambi\u00e9n lesionada por el \u00e1cido que corr\u00eda en el cuerpo de la joven.&nbsp;<\/p>\n\n\n\n<p>\u201cMe llena de impotencia y dolor cuando acaricio la piel de mi madre y siendo las cicatrices que tambi\u00e9n le ocasionaron con el \u00e1cido\u201d, p\u00fablico hace unos d\u00edas.<\/p>\n\n\n\n<p>Al ataque de Mar\u00eda Elena le siguieron d\u00edas de angustia para la familia y un dolor inmenso para ella; el desconocimiento de los procedimientos m\u00e9dicos para personas con quemaduras en Oaxaca ocasion\u00f3 que su salud estuviera en riesgo y fuera necesario su traslado a la Ciudad de M\u00e9xico, esto luego de que el caso se hizo medi\u00e1tico.&nbsp;<\/p>\n\n\n\n<figure class=\"wp-block-embed is-type-rich is-provider-twitter wp-block-embed-twitter\"><div class=\"wp-block-embed__wrapper\">\n<div class=\"twitter-tweet\"><blockquote class=\"twitter-tweet\" data-lang=\"es\"><p lang=\"es\" dir=\"ltr\">\u201cEsta es la \u00faltima foto impresa que me tom\u00e9 antes de que mi rostro fuera destrozado cuando intentaron matarme con \u00e1cido. <br>\u201cLa verdad no lo puedo evitar, extra\u00f1o mucho mi rostro \ud83d\ude1e<br>\u201cUna app me ayud\u00f3 a recordarme y el resultado me conmovi\u00f3 mucho\u201d: <a href=\"https:\/\/twitter.com\/_ElenaRios?ref_src=twsrc%5Etfw\">@_ElenaRios<\/a>.<a href=\"https:\/\/twitter.com\/hashtag\/NoM%C3%A1s%C3%81cido?src=hash&amp;ref_src=twsrc%5Etfw\">#NoM\u00e1s\u00c1cido<\/a> <a href=\"https:\/\/t.co\/0EmyrfFeen\">pic.twitter.com\/0EmyrfFeen<\/a><\/p>&mdash; Zona Roja Oaxaca (@Zona_Roja_Oax) <a href=\"https:\/\/twitter.com\/Zona_Roja_Oax\/status\/1435946263632138241?ref_src=twsrc%5Etfw\">9 de septiembre de 2021<\/a><\/blockquote><\/div>\n<\/div><\/figure>\n\n\n\n<p>LOS AGRESORES<\/p>\n\n\n\n<p>Desde el momento de los hechos s\u00f3lo una cosa tuvo clara Mar\u00eda Elena, el nombre de su agresor; y es que de acuerdo con la joven fue su expareja y tambi\u00e9n exdiputado local por el PRI, Juan Antonio Vera Carrizal, el autor intelectual de los hechos.&nbsp;<\/p>\n\n\n\n<p>Fue gracias a la presi\u00f3n ejercida desde los medios de comunicaci\u00f3n, incluso internacionales, que la Fiscal\u00eda General del Estado a cargo de Rub\u00e9n Vasconcelos M\u00e9ndez actu\u00f3 en consecuencia, por ello en diciembre del 2019 anunci\u00f3 la captura de Ponciano H., y su hijo Rubicel H.R., a quienes se acus\u00f3 de ser los presuntos autores materiales de la agresi\u00f3n.&nbsp;<\/p>\n\n\n\n<p>Mientras que Juan Antonio V. C. se entreg\u00f3 el 6 de abril del 2020 y fue indiciado como presunto autor intelectual de los hechos; previamente, fue detenido Rub\u00e9n L.C. a quien se se\u00f1al\u00f3 de haber contratado directamente a los agresores y cubierto el pago prometido, de 30 mil pesos.<\/p>\n\n\n\n<p>DETENCI\u00d3N PENDIENTE<\/p>\n\n\n\n<p>Sin embargo, la detenci\u00f3n del quinto y \u00faltimo implicado, Juan V. H. hijo del empresario oaxaque\u00f1o y exdiputado local sigue pendiente y ha retrasado el procedimiento del caso, lo anterior de acuerdo con la v\u00edctima debido a la p\u00e9sima actuaci\u00f3n del exfiscal Rub\u00e9n Vasconcelos M\u00e9ndez para quien ha pedido c\u00e1rcel por actuar en contubernio con sus agresores.&nbsp;<\/p>\n\n\n\n<p>El cambio de titular en la Fiscal\u00eda de Oaxaca y la llegada de Arturo Peimbert Calvo trajo consigo la colocaci\u00f3n de espectaculares con la ficha de b\u00fasqueda Juan V.H., estrategia que no ha rendido frutos a m\u00e1s de dos meses de ser implementada, por lo que hasta la fecha solo se puede hablar de la vinculaci\u00f3n a proceso de cuatro personas -una fallecida en prisi\u00f3n- y ninguna de ellas con sentencia condenatoria.&nbsp;&nbsp;<\/p>\n\n\n\n<p>De ah\u00ed que la demanda de justicia por parte de Mar\u00eda Elena siga m\u00e1s vigente que nunca, ya que independientemente de la agresi\u00f3n con \u00e1cido de la que fue v\u00edctima, considerada como tentativa de feminicidio, recientemente ha enfrentado una campa\u00f1a de denostaci\u00f3n promovida por la familia de su presunto agresor.&nbsp;<\/p>\n\n\n\n<p>A dos a\u00f1os del ataque, la joven saxofonista no s\u00f3lo ha enfrentado la lentitud y desidia de las autoridades de procuraci\u00f3n de justicia de Oaxaca, sino tambi\u00e9n diez cirug\u00edas en el rostro y cuerpo, las cuales sin importar que se incrementen en n\u00famero no le devolver\u00e1n lo robado aquel nueve de septiembre del 2019.&nbsp;<\/p>\n","protected":false},"excerpt":{"rendered":"<p>Evlin Arag\u00f3n\/Zona Roja. Oaxaca de Ju\u00e1rez, Oax., 9 de septiembre de 2021.- \u201cHoy, hace dos&hellip;<\/p>\n","protected":false},"author":2,"featured_media":31818,"comment_status":"closed","ping_status":"open","sticky":false,"template":"","format":"standard","meta":{"_lmt_disableupdate":"","_lmt_disable":"","_jetpack_memberships_contains_paid_content":false,"footnotes":""},"categories":[109,47],"tags":[1124],"class_list":["post-31817","post","type-post","status-publish","format-standard","has-post-thumbnail","hentry","category-minuto-a-minuto","category-zona-gris","tag-maria-elena-rios-ortiz"],"jetpack_featured_media_url":"https:\/\/zonaroja.com.mx\/wp-content\/uploads\/2021\/09\/Maria-Elena-Rios-Ortiz.jpg","jetpack_sharing_enabled":true,"_links":{"self":[{"href":"https:\/\/zonaroja.com.mx\/index.php?rest_route=\/wp\/v2\/posts\/31817","targetHints":{"allow":["GET"]}}],"collection":[{"href":"https:\/\/zonaroja.com.mx\/index.php?rest_route=\/wp\/v2\/posts"}],"about":[{"href":"https:\/\/zonaroja.com.mx\/index.php?rest_route=\/wp\/v2\/types\/post"}],"author":[{"embeddable":true,"href":"https:\/\/zonaroja.com.mx\/index.php?rest_route=\/wp\/v2\/users\/2"}],"replies":[{"embeddable":true,"href":"https:\/\/zonaroja.com.mx\/index.php?rest_route=%2Fwp%2Fv2%2Fcomments&post=31817"}],"version-history":[{"count":2,"href":"https:\/\/zonaroja.com.mx\/index.php?rest_route=\/wp\/v2\/posts\/31817\/revisions"}],"predecessor-version":[{"id":31828,"href":"https:\/\/zonaroja.com.mx\/index.php?rest_route=\/wp\/v2\/posts\/31817\/revisions\/31828"}],"wp:featuredmedia":[{"embeddable":true,"href":"https:\/\/zonaroja.com.mx\/index.php?rest_route=\/wp\/v2\/media\/31818"}],"wp:attachment":[{"href":"https:\/\/zonaroja.com.mx\/index.php?rest_route=%2Fwp%2Fv2%2Fmedia&parent=31817"}],"wp:term":[{"taxonomy":"category","embeddable":true,"href":"https:\/\/zonaroja.com.mx\/index.php?rest_route=%2Fwp%2Fv2%2Fcategories&post=31817"},{"taxonomy":"post_tag","embeddable":true,"href":"https:\/\/zonaroja.com.mx\/index.php?rest_route=%2Fwp%2Fv2%2Ftags&post=31817"}],"curies":[{"name":"wp","href":"https:\/\/api.w.org\/{rel}","templated":true}]}}