{"id":31820,"date":"2021-09-09T08:27:38","date_gmt":"2021-09-09T13:27:38","guid":{"rendered":"http:\/\/www.zonaroja.com.mx\/?p=31820"},"modified":"2021-09-09T08:27:42","modified_gmt":"2021-09-09T13:27:42","slug":"pide-diputado-revisar-nombramiento-de-magistrados-del-poder-judicial","status":"publish","type":"post","link":"https:\/\/zonaroja.com.mx\/?p=31820","title":{"rendered":"Pide diputado revisar nombramiento de magistrados del Poder Judicial"},"content":{"rendered":"\n<p>Ismael Garc\u00eda M.\/Zona Roja.<\/p>\n\n\n\n<p>Oaxaca de Ju\u00e1rez, Oax., 9 de septiembre de 2021.- Ante la intenci\u00f3n de al menos seis magistrados que insisten en perpetuarse en el cargo, el diputado C\u00e9sar Morales Ni\u00f1o propuso en el Congreso del Estado revisar el nombramiento de todos las magistraturas del Poder Judicial y del Tribunal de Justicia Administrativa.<\/p>\n\n\n\n<p>Ello, con la finalidad de saber si ya venci\u00f3 el plazo para el que fueron designados y el mecanismo de su permanencia, a fin de realizar las modificaciones pertinentes.<\/p>\n\n\n\n<p>En tribuna este mi\u00e9rcoles, expuso que seg\u00fan se inform\u00f3, la semana pasada la Fiscal\u00eda General de la Rep\u00fablica dio a conocer que integr\u00f3 una Carpeta de Investigaci\u00f3n en contra de diversas personas que se ostentan como titulares de magistraturas del Tribunal Superior de Justicia, y que ya venci\u00f3 el plazo para el que fueron designados; sin embargo, existe una negativa para dejar sus puestos.<\/p>\n\n\n\n<p>\u201cEste tipo de asuntos, donde magistrados y magistradas con nombramientos vencidos se resisten a dejar el cargo, argumentando la ratificaci\u00f3n t\u00e1cita, recurriendo al juicio de amparo, o invocando a su favor omisiones en la renovaci\u00f3n de magistraturas, es muy recurrente en el Estado\u201d, dijo.<\/p>\n\n\n\n<p>Detall\u00f3 que actualmente en el Tribunal Superior de Justicia existe un conflicto, porque, seg\u00fan ha trascendido en los medios de comunicaci\u00f3n, un grupo de personas que ostentaban el cargo de magistraturas se resisten a dejar el cargo, argumentado que tienen a su favor la figura de la afirmativa ficta porque el gobernador no ha emitido una nueva convocatoria para la renovaci\u00f3n de magistraturas, por ello, en su concepto, representa una ratificaci\u00f3n en el cargo.<\/p>\n\n\n\n<p>Morales Ni\u00f1o agreg\u00f3 que conforme a los art\u00edculos 79, fracci\u00f3n X; 102; 114 qu\u00e1ter, interpretados arm\u00f3nicamente con el transitorio segundo del decreto 6, emitido por la XLI Legislatura, se desprende que el Gobernador del Estado tiene facultades para emitir la convocatoria para elegir las magistraturas del Tribunal Superior de Justicia.<\/p>\n\n\n\n<p>Asimismo, para designar a las y los magistrados del Tribunal de Justicia Administrativa del Estado de Oaxaca. En su caso, para emitir convocatorias para aquellos supuestos donde se considere la ratificaci\u00f3n en el cargo de las magistraturas.<\/p>\n\n\n\n<p>No obstante, dichas facultades no han sido ejercidas oportunamente por el gobernador, y con ello se ha provocado que diversos magistrados y magistradas sin participar en ninguna convocatoria para su ratificaci\u00f3n, sin existir ning\u00fan decreto del Congreso, asuman t\u00e1citamente que su cargo ha sido ratificado, lo cual es evidentemente contrario a derecho.<\/p>\n\n\n\n<figure class=\"wp-block-embed-twitter wp-block-embed is-type-rich is-provider-twitter\"><div class=\"wp-block-embed__wrapper\">\n<div class=\"twitter-tweet\"><blockquote class=\"twitter-tweet\" data-lang=\"es\"><p lang=\"es\" dir=\"ltr\"><a href=\"https:\/\/twitter.com\/hashtag\/%C3%9AltimoMinuto?src=hash&amp;ref_src=twsrc%5Etfw\">#\u00daltimoMinuto<\/a> <br>Alrededor de las 15:00 horas se reanud\u00f3 la sesi\u00f3n del <a href=\"https:\/\/twitter.com\/CongresoOaxLXIV?ref_src=twsrc%5Etfw\">@CongresoOaxLXIV<\/a>.<br>El diputado <a href=\"https:\/\/twitter.com\/cesarmoralesn?ref_src=twsrc%5Etfw\">@cesarmoralesn<\/a> plante\u00f3 revisar situaci\u00f3n de todos los magistrados del Poder Judicial, pues la mayor\u00eda ha cumpli\u00f3 el plazo de ley.<br>Muchos incluso tienen varios lustros ejerciciendo. <a href=\"https:\/\/t.co\/0TSLgrUUv0\">pic.twitter.com\/0TSLgrUUv0<\/a><\/p>&mdash; Zona Roja Oaxaca (@Zona_Roja_Oax) <a href=\"https:\/\/twitter.com\/Zona_Roja_Oax\/status\/1435708577923190784?ref_src=twsrc%5Etfw\">8 de septiembre de 2021<\/a><\/blockquote><\/div>\n<\/div><\/figure>\n\n\n\n<p>Dijo que ante este panorama de ambig\u00fcedad, debe revisarse el actuar del gobernador, as\u00ed como de los titulares del Tribunal Superior de Justicia y del Tribunal de Justicia Administrativa, o a quien resulte, para determinar su grado de responsabilidad en esta crisis institucional.<\/p>\n\n\n\n<p>\u201cDebe indagarse si oportunamente se revis\u00f3 y se inform\u00f3 el periodo de vencimiento de los cargos, que acciones se realizaron para ejercer sus facultades, s\u00ed emiti\u00f3 oportunamente la convocatoria para la renovaci\u00f3n de magistraturas o en caso la ratificaci\u00f3n de las mismas, o que tiempo se tard\u00f3 en emitirla el facultado para ello, si existi\u00f3 comunicaci\u00f3n oficial entre los poderes, o si alg\u00fan poder o Tribunal actu\u00f3 con dolo, escondiendo la informaci\u00f3n, neg\u00e1ndola o evitando remitir la documentaci\u00f3n completa\u201d, agreg\u00f3.<\/p>\n\n\n\n<p>El legislador por Morena a\u00f1adi\u00f3 que, ante ello, present\u00f3 un Punto de Acuerdo mediante el que se propongo, que la 64 Legislatura exhorte a la Secretar\u00eda de la Contralor\u00eda y Transparencia Gubernamental, al Tribunal de Justicia Administrativa, as\u00ed como a las fiscal\u00edas Generales, del Estado y de la Republica, para que dentro del marco de sus competencias y facultades, inicien las investigaciones necesarias respecto a la posible responsabilidad por omisi\u00f3n por no emitirse oportunamente las convocatorias para la renovaci\u00f3n de magistraturas del Tribunal Superior de Justicia y del Tribunal de Justicia Administrativa.<\/p>\n\n\n\n<p>O en su caso, para iniciar los procedimientos para la ratificaci\u00f3n de las mismas, con lo cual se ha entorpecido institucionalmente la renovaci\u00f3n de dichos \u00f3rganos y ha generado que por esas omisiones, algunos y algunas titulares de magistraturas se resistan a dejar el cargo aun cuando su periodo de designaci\u00f3n ya haya concluido.<\/p>\n\n\n\n<p>\u201cAdem\u00e1s de lo anterior, se debe revisar el nombramiento de todos los magistrados y magistradas, para ver si ya venci\u00f3 el plazo para el que fueron designados y el mecanismo de su permanencia\u201d, remarc\u00f3.<\/p>\n","protected":false},"excerpt":{"rendered":"<p>Ismael Garc\u00eda M.\/Zona Roja. Oaxaca de Ju\u00e1rez, Oax., 9 de septiembre de 2021.- Ante la&hellip;<\/p>\n","protected":false},"author":2,"featured_media":31811,"comment_status":"closed","ping_status":"open","sticky":false,"template":"","format":"standard","meta":{"_lmt_disableupdate":"","_lmt_disable":"","_jetpack_memberships_contains_paid_content":false,"footnotes":""},"categories":[109,47],"tags":[612],"class_list":["post-31820","post","type-post","status-publish","format-standard","has-post-thumbnail","hentry","category-minuto-a-minuto","category-zona-gris","tag-cesar-morales-nino"],"jetpack_featured_media_url":"https:\/\/zonaroja.com.mx\/wp-content\/uploads\/2021\/09\/Cesar-Morales-1.jpg","jetpack_sharing_enabled":true,"_links":{"self":[{"href":"https:\/\/zonaroja.com.mx\/index.php?rest_route=\/wp\/v2\/posts\/31820","targetHints":{"allow":["GET"]}}],"collection":[{"href":"https:\/\/zonaroja.com.mx\/index.php?rest_route=\/wp\/v2\/posts"}],"about":[{"href":"https:\/\/zonaroja.com.mx\/index.php?rest_route=\/wp\/v2\/types\/post"}],"author":[{"embeddable":true,"href":"https:\/\/zonaroja.com.mx\/index.php?rest_route=\/wp\/v2\/users\/2"}],"replies":[{"embeddable":true,"href":"https:\/\/zonaroja.com.mx\/index.php?rest_route=%2Fwp%2Fv2%2Fcomments&post=31820"}],"version-history":[{"count":1,"href":"https:\/\/zonaroja.com.mx\/index.php?rest_route=\/wp\/v2\/posts\/31820\/revisions"}],"predecessor-version":[{"id":31821,"href":"https:\/\/zonaroja.com.mx\/index.php?rest_route=\/wp\/v2\/posts\/31820\/revisions\/31821"}],"wp:featuredmedia":[{"embeddable":true,"href":"https:\/\/zonaroja.com.mx\/index.php?rest_route=\/wp\/v2\/media\/31811"}],"wp:attachment":[{"href":"https:\/\/zonaroja.com.mx\/index.php?rest_route=%2Fwp%2Fv2%2Fmedia&parent=31820"}],"wp:term":[{"taxonomy":"category","embeddable":true,"href":"https:\/\/zonaroja.com.mx\/index.php?rest_route=%2Fwp%2Fv2%2Fcategories&post=31820"},{"taxonomy":"post_tag","embeddable":true,"href":"https:\/\/zonaroja.com.mx\/index.php?rest_route=%2Fwp%2Fv2%2Ftags&post=31820"}],"curies":[{"name":"wp","href":"https:\/\/api.w.org\/{rel}","templated":true}]}}