{"id":31829,"date":"2021-09-09T15:40:34","date_gmt":"2021-09-09T20:40:34","guid":{"rendered":"http:\/\/www.zonaroja.com.mx\/?p=31829"},"modified":"2021-09-09T15:40:38","modified_gmt":"2021-09-09T20:40:38","slug":"crean-nuevo-sindicato-de-maestros-en-oaxaca-y-esta-respaldado-por-expriista","status":"publish","type":"post","link":"https:\/\/zonaroja.com.mx\/?p=31829","title":{"rendered":"Crean nuevo sindicato de maestros en Oaxaca y est\u00e1 respaldado por expriista"},"content":{"rendered":"\n<p>Redacci\u00f3n\/Zona Roja.<\/p>\n\n\n\n<p>Oaxaca de Ju\u00e1rez, Oax., 9 de septiembre de 2021.- Despu\u00e9s de dos a\u00f1os de tener la Toma de Nota, este jueves sali\u00f3 a la luz p\u00fablica un nuevo sindicato magisterial en Oaxaca.<\/p>\n\n\n\n<p>Se trata del Gremio Nacional de Trabajadores de la Educaci\u00f3n (GNTE), que dirige Magdalena P\u00e9rez \u00c1lvarez como secretaria general y est\u00e1 adherido a la Confederaci\u00f3n Internacional de Trabajadores (CIT) que en Oaxaca est\u00e1 representado por Hip\u00f3lito Rojas, ex integrante de la CTM del PRI.<\/p>\n\n\n\n<p>En conferencia de prensa y ante la reciente pol\u00e9mica, la dirigente deslind\u00f3 al gremio del activista Flavio Sosa Villavicencio y dijo que no tiene nada que ver con la nueva gremial.<\/p>\n\n\n\n<p>\u201cDeslind\u00f3 totalmente de esa situaci\u00f3n, los padres de familia no me dejaran mentir, nunca en la vida hemos tocado alguna comunicaci\u00f3n o relaci\u00f3n pol\u00edtica con este se\u00f1or\u201d, dijo en conferencia de prensa, en la sede del Centro de Atenci\u00f3n M\u00faltiple n\u00famero 52, en la privada de Eduardo Vasconcelos de la ciudad de Oaxaca.\u00a0<\/p>\n\n\n\n<figure class=\"wp-block-embed-twitter wp-block-embed is-type-rich is-provider-twitter\"><div class=\"wp-block-embed__wrapper\">\n<div class=\"twitter-tweet\"><blockquote class=\"twitter-tweet\" data-lang=\"es\"><p lang=\"es\" dir=\"ltr\"><a href=\"https:\/\/twitter.com\/hashtag\/%C3%9AltimoMinuto?src=hash&amp;ref_src=twsrc%5Etfw\">#\u00daltimoMinuto<\/a> <br>Le sale competencia la Secci\u00f3n 22 del SNTE.<br>Confirman la creaci\u00f3n del Gremio Nacional de Trabajadores de la Educaci\u00f3n (GNTE). <br>Se deslindan de <a href=\"https:\/\/twitter.com\/flaviososavilla?ref_src=twsrc%5Etfw\">@flaviososavilla<\/a>; \u201cnunca hemos tocado comunicaci\u00f3n con este se\u00f1or\u201d: Magdalena P\u00e9rez, dirigente. <a href=\"https:\/\/t.co\/L7mz9XV22X\">pic.twitter.com\/L7mz9XV22X<\/a><\/p>&mdash; Zona Roja Oaxaca (@Zona_Roja_Oax) <a href=\"https:\/\/twitter.com\/Zona_Roja_Oax\/status\/1436003790054899720?ref_src=twsrc%5Etfw\">9 de septiembre de 2021<\/a><\/blockquote><\/div>\n<\/div><\/figure>\n\n\n\n<p>Finalmente, P\u00e9rez \u00c1lvarez explic\u00f3 que son entre 400 y 500 docentes y administrativos quienes conforman el GNTE, mismo que se cre\u00f3 en el 2019 debido a la represi\u00f3n administrativa y laboral que ha ejercido la parte patronal en su contra, a la par que mostr\u00f3 la Toma de Nota que valida su conformaci\u00f3n, documento sellado por el Tribunal Federal de Conciliaci\u00f3n y Arbitraje.<\/p>\n\n\n\n<p>Adem\u00e1s, aprovech\u00f3 para deslindar algunos se\u00f1alamientos de la autoridad educativa y lo consider\u00f3 como una campa\u00f1a de hostigamiento, al conformar un nuevo sindicato.<\/p>\n\n\n\n<p>Aclar\u00f3 que por acuerdo de Asamblea General la movilizaci\u00f3n-negociaci\u00f3n no ser\u00e1 la forma con la que resuelvan sus demandas, a sabiendas que la poblaci\u00f3n oaxaque\u00f1a ya est\u00e1 harta de dicho actuar.&nbsp;<\/p>\n\n\n\n<p>Este ser\u00eda el cuarto sindicato de maestros, despu\u00e9s de la Secci\u00f3n 22 y la Secci\u00f3n 59, as\u00ed como el Sindicato de Trabajadores de M\u00e9xico (Sitem).<\/p>\n\n\n\n<p>El GNTE est\u00e1 conformado principalmente de trabajadores que militaban en la Secci\u00f3n 59, as\u00ed como en la 22.<\/p>\n","protected":false},"excerpt":{"rendered":"<p>Redacci\u00f3n\/Zona Roja. Oaxaca de Ju\u00e1rez, Oax., 9 de septiembre de 2021.- Despu\u00e9s de dos a\u00f1os&hellip;<\/p>\n","protected":false},"author":2,"featured_media":31830,"comment_status":"closed","ping_status":"open","sticky":false,"template":"","format":"standard","meta":{"_lmt_disableupdate":"","_lmt_disable":"","_jetpack_memberships_contains_paid_content":false,"footnotes":""},"categories":[109,47],"tags":[2881],"class_list":["post-31829","post","type-post","status-publish","format-standard","has-post-thumbnail","hentry","category-minuto-a-minuto","category-zona-gris","tag-gremio-nacional-de-trabajadores-de-la-educacion-gnte"],"jetpack_featured_media_url":"https:\/\/zonaroja.com.mx\/wp-content\/uploads\/2021\/09\/Magdalena-Perez-Alvarez-GNTE.jpg","jetpack_sharing_enabled":true,"_links":{"self":[{"href":"https:\/\/zonaroja.com.mx\/index.php?rest_route=\/wp\/v2\/posts\/31829","targetHints":{"allow":["GET"]}}],"collection":[{"href":"https:\/\/zonaroja.com.mx\/index.php?rest_route=\/wp\/v2\/posts"}],"about":[{"href":"https:\/\/zonaroja.com.mx\/index.php?rest_route=\/wp\/v2\/types\/post"}],"author":[{"embeddable":true,"href":"https:\/\/zonaroja.com.mx\/index.php?rest_route=\/wp\/v2\/users\/2"}],"replies":[{"embeddable":true,"href":"https:\/\/zonaroja.com.mx\/index.php?rest_route=%2Fwp%2Fv2%2Fcomments&post=31829"}],"version-history":[{"count":1,"href":"https:\/\/zonaroja.com.mx\/index.php?rest_route=\/wp\/v2\/posts\/31829\/revisions"}],"predecessor-version":[{"id":31831,"href":"https:\/\/zonaroja.com.mx\/index.php?rest_route=\/wp\/v2\/posts\/31829\/revisions\/31831"}],"wp:featuredmedia":[{"embeddable":true,"href":"https:\/\/zonaroja.com.mx\/index.php?rest_route=\/wp\/v2\/media\/31830"}],"wp:attachment":[{"href":"https:\/\/zonaroja.com.mx\/index.php?rest_route=%2Fwp%2Fv2%2Fmedia&parent=31829"}],"wp:term":[{"taxonomy":"category","embeddable":true,"href":"https:\/\/zonaroja.com.mx\/index.php?rest_route=%2Fwp%2Fv2%2Fcategories&post=31829"},{"taxonomy":"post_tag","embeddable":true,"href":"https:\/\/zonaroja.com.mx\/index.php?rest_route=%2Fwp%2Fv2%2Ftags&post=31829"}],"curies":[{"name":"wp","href":"https:\/\/api.w.org\/{rel}","templated":true}]}}