{"id":31832,"date":"2021-09-09T15:59:06","date_gmt":"2021-09-09T20:59:06","guid":{"rendered":"http:\/\/www.zonaroja.com.mx\/?p=31832"},"modified":"2021-09-09T16:02:22","modified_gmt":"2021-09-09T21:02:22","slug":"sus-paisanos-denuncian-a-salomon-jara-de-lucrar-con-recursos-del-erario","status":"publish","type":"post","link":"https:\/\/zonaroja.com.mx\/?p=31832","title":{"rendered":"Sus paisanos denuncian a Salom\u00f3n Jara de lucrar con recursos del erario"},"content":{"rendered":"\n<p>Evlin Arag\u00f3n\/Zona Roja.<\/p>\n\n\n\n<p>Oaxaca de Ju\u00e1rez, Oax., 9 de septiembre de 2021.-&nbsp; Habitantes de Santo Tom\u00e1s Lachit\u00e1, denunciaron a su paisano el senador de la Rep\u00fablica Salom\u00f3n Jara Cruz, por inmiscuirse y aconsejar al edil de San Melchor Betaza para que no les entregue el recurso federal de los ramos 28 y 33, sin considerar el perjuicio que trae consigo a la poblaci\u00f3n.<\/p>\n\n\n\n<p>As\u00ed lo expuso Dami\u00e1n Laureano Baltazar, quien detall\u00f3 que al legislador por Morena no le conviene que la comunidad obtenga el recurso que por ley le corresponde, toda vez que de esa forma no se ven beneficiadas las empresas de las que el senador es propietario.&nbsp;<\/p>\n\n\n\n<p>\u201c\u00c9l es el que aconseja a la autoridad de San Melchor Betaza para que no nos den nuestro dinero porque a \u00e9l no le conviene que nos de todo el dinero por sus empresas que tiene. No s\u00f3lo tiene una empresa, tiene varias empresas por eso es que Salom\u00f3n Jara mal aconseja a la autoridad\u201d, refiri\u00f3 el ciudadano.&nbsp;<\/p>\n\n\n\n<p>En este mismo sentido, indic\u00f3 que, al menos del ramo 28, les corresponde un aproximado de un mill\u00f3n de pesos, de lo cual no han visto nada, situaci\u00f3n que se ha repetido durante varios a\u00f1os, siempre en perjuicio de la poblaci\u00f3n que necesita de obra p\u00fablica para contar con los servicios b\u00e1sicos.&nbsp;<\/p>\n\n\n\n<p>As\u00ed mismo, indic\u00f3 que el mal uso y desvi\u00f3 de recursos no es exclusivo de esta administraci\u00f3n, por el contrario, ha sido una constante en San Melchor Betaza cuya poblaci\u00f3n ha visto c\u00f3mo sus gobernantes y legisladores que van a pedir el voto al pueblo se han enriquecido con los puestos que ostentan.\u00a0<\/p>\n\n\n\n<figure class=\"wp-block-embed-twitter wp-block-embed is-type-rich is-provider-twitter\"><div class=\"wp-block-embed__wrapper\">\n<div class=\"twitter-tweet\"><blockquote class=\"twitter-tweet\" data-lang=\"es\"><p lang=\"es\" dir=\"ltr\">Paisanos de <a href=\"https:\/\/twitter.com\/salomonj?ref_src=twsrc%5Etfw\">@salomonj<\/a>, de Santo Tom\u00e1s Lachit\u00e1, denuncian al senador por inmiscuirse y aconsejar al edil de San Melchor Betaza para que no les entregue el recursos del ramo 28 y 33, \u201cya que no le conviene pues tiene empresas con las cuales ejecuta obras millonarias\u201d,se\u00f1alaron hoy. <a href=\"https:\/\/t.co\/akCRLbIRy8\">pic.twitter.com\/akCRLbIRy8<\/a><\/p>&mdash; Zona Roja Oaxaca (@Zona_Roja_Oax) <a href=\"https:\/\/twitter.com\/Zona_Roja_Oax\/status\/1435801261874585601?ref_src=twsrc%5Etfw\">9 de septiembre de 2021<\/a><\/blockquote><\/div>\n<\/div><\/figure>\n\n\n\n<p>\u201cVarios de los que han sido presidentes municipales han comprado casas en M\u00e9xico, en Oaxaca, tienen casas en varios estados y es nuestro dinero que nos quitan, es el dinero que nos pertenece y no nos lo han dado completo\u201d, expuso en un video que se comparti\u00f3 en las redes sociales.&nbsp;<\/p>\n\n\n\n<p>Laureano Baltazar manifest\u00f3 que no comprende porque las autoridades tratan de esa manera a la poblaci\u00f3n, la cual dijo ya est\u00e1 harta de ver como unos cuantos se enriquecen con el dinero del pueblo, por lo que alert\u00f3 de pr\u00f3ximas acciones que obliguen al edil a hacer la entrega del recurso.&nbsp;<\/p>\n\n\n\n<p>\u201cEl pueblo de Betaza no tiene la culpa, los caciques son los que hacen esto. Es por temor a quedarse sin dinero. Porque bien sabemos que Salom\u00f3n Jara tiene varias empresas\u201d, sentenci\u00f3.<\/p>\n\n\n\n<p>Apenas hace unos d\u00edas habitantes de la comunidad hicieron presencia en la capital de Oaxaca para exigir la intervenci\u00f3n de las autoridades estatales y de procuraci\u00f3n de justicia, a fin de lograr el reparto justo de los recursos municipales en la poblaci\u00f3n.<\/p>\n","protected":false},"excerpt":{"rendered":"<p>Evlin Arag\u00f3n\/Zona Roja. Oaxaca de Ju\u00e1rez, Oax., 9 de septiembre de 2021.-&nbsp; Habitantes de Santo&hellip;<\/p>\n","protected":false},"author":2,"featured_media":31833,"comment_status":"closed","ping_status":"open","sticky":false,"template":"","format":"standard","meta":{"_lmt_disableupdate":"","_lmt_disable":"","_jetpack_memberships_contains_paid_content":false,"footnotes":""},"categories":[109,47],"tags":[939,2882],"class_list":["post-31832","post","type-post","status-publish","format-standard","has-post-thumbnail","hentry","category-minuto-a-minuto","category-zona-gris","tag-salomon-jara-cruz","tag-santo-tomas-lachita"],"jetpack_featured_media_url":"https:\/\/zonaroja.com.mx\/wp-content\/uploads\/2021\/09\/Santo-Tomas-Lachita-Betaza.jpg","jetpack_sharing_enabled":true,"_links":{"self":[{"href":"https:\/\/zonaroja.com.mx\/index.php?rest_route=\/wp\/v2\/posts\/31832","targetHints":{"allow":["GET"]}}],"collection":[{"href":"https:\/\/zonaroja.com.mx\/index.php?rest_route=\/wp\/v2\/posts"}],"about":[{"href":"https:\/\/zonaroja.com.mx\/index.php?rest_route=\/wp\/v2\/types\/post"}],"author":[{"embeddable":true,"href":"https:\/\/zonaroja.com.mx\/index.php?rest_route=\/wp\/v2\/users\/2"}],"replies":[{"embeddable":true,"href":"https:\/\/zonaroja.com.mx\/index.php?rest_route=%2Fwp%2Fv2%2Fcomments&post=31832"}],"version-history":[{"count":2,"href":"https:\/\/zonaroja.com.mx\/index.php?rest_route=\/wp\/v2\/posts\/31832\/revisions"}],"predecessor-version":[{"id":31836,"href":"https:\/\/zonaroja.com.mx\/index.php?rest_route=\/wp\/v2\/posts\/31832\/revisions\/31836"}],"wp:featuredmedia":[{"embeddable":true,"href":"https:\/\/zonaroja.com.mx\/index.php?rest_route=\/wp\/v2\/media\/31833"}],"wp:attachment":[{"href":"https:\/\/zonaroja.com.mx\/index.php?rest_route=%2Fwp%2Fv2%2Fmedia&parent=31832"}],"wp:term":[{"taxonomy":"category","embeddable":true,"href":"https:\/\/zonaroja.com.mx\/index.php?rest_route=%2Fwp%2Fv2%2Fcategories&post=31832"},{"taxonomy":"post_tag","embeddable":true,"href":"https:\/\/zonaroja.com.mx\/index.php?rest_route=%2Fwp%2Fv2%2Ftags&post=31832"}],"curies":[{"name":"wp","href":"https:\/\/api.w.org\/{rel}","templated":true}]}}