{"id":3184,"date":"2019-08-18T21:08:33","date_gmt":"2019-08-19T02:08:33","guid":{"rendered":"http:\/\/www.zonaroja.com.mx\/?p=3184"},"modified":"2019-08-18T21:08:36","modified_gmt":"2019-08-19T02:08:36","slug":"vinculan-a-proceso-a-cinco-de-siete-sindicalizados-de-salud-entre-ellos-su-dirigente","status":"publish","type":"post","link":"https:\/\/zonaroja.com.mx\/?p=3184","title":{"rendered":"Vinculan a proceso a cinco de siete sindicalizados de Salud, entre ellos su dirigente"},"content":{"rendered":"\n<p>Redacci\u00f3n\/Zona Roja.<\/p>\n\n\n\n<p>Oaxaca de Ju\u00e1rez, Oax., 18 de agosto de 2019.- Un juez del Poder Judicial de Oaxaca vincul\u00f3 a proceso a cinco de siete personas puestas a su disposici\u00f3n por el Ministerio P\u00fablico de la Fiscal\u00eda General del Estado. <\/p>\n\n\n\n<p>Uno de ellos es el dirigente de la\nSecci\u00f3n 09 del Sindicato Independiente de Trabajadores de la Secretar\u00eda de\nSalud, Genaro Villalobos, y el resto son mujeres; los cinco est\u00e1n acusados de\nbloqueo a oficinas de los Servicios de Salud de Oaxaca, aunque seguir\u00e1n el\nproceso en libertad.<\/p>\n\n\n\n<p>La Fiscal\u00eda General inform\u00f3 en un\ncomunicado que se les imputa la probable responsabilidad en la comisi\u00f3n del\ndelito de coalici\u00f3n de servidores p\u00fablicos en agravio de los Servicios de Salud\nde Oaxaca (SSO).<\/p>\n\n\n\n<p>Se trata de un masculino identificado\ncomo G. V. S. (Genaro Villalobos), y cuatro mujeres identificadas como P. M.\nR., M. A. A. A., J. C. P. y M. M. G. R., indic\u00f3 en un comunicado.<\/p>\n\n\n\n<p>Detall\u00f3 que de acuerdo con la causa\npenal 466\/2019, el pasado 28 de junio de 2019, los imputados arribaron hasta\nlas oficinas de los SSO, ubicadas sobre la primera calle de J. P. Garc\u00eda, municipio\nde Oaxaca de Ju\u00e1rez, quienes acompa\u00f1ados de otras personas,&nbsp; bloquearon los accesos del inmueble,\ncolocando mantas y cartulinas, impidiendo la prestaci\u00f3n del servicio.<\/p>\n\n\n\n<p>Por estos hechos, abri\u00f3 una carpeta de\ninvestigaci\u00f3n y una vez integrados todos los datos sobre el delito y los\nprobables responsables, pidi\u00f3 la intervenci\u00f3n de la autoridad judicial. <\/p>\n\n\n\n<p>En audiencia realizada este s\u00e1bado 17\nde agosto de 2019, el Juez de Control dict\u00f3 auto de vinculaci\u00f3n a proceso sin\nimposici\u00f3n de medida cautelar.<\/p>\n\n\n\n<p>En tanto, la organizaci\u00f3n Corriente del\nPueblo \u201cSol Rojo\u201d, a la que est\u00e1n adheridas los acusados, prepara\nmovilizaciones esta semana, a fin de que les sean retirados los cargos.<\/p>\n","protected":false},"excerpt":{"rendered":"<p>Redacci\u00f3n\/Zona Roja. Oaxaca de Ju\u00e1rez, Oax., 18 de agosto de 2019.- Un juez del Poder&hellip;<\/p>\n","protected":false},"author":2,"featured_media":3131,"comment_status":"closed","ping_status":"open","sticky":false,"template":"","format":"standard","meta":{"_lmt_disableupdate":"","_lmt_disable":"","_jetpack_memberships_contains_paid_content":false,"footnotes":""},"categories":[109,47],"tags":[572,238],"class_list":["post-3184","post","type-post","status-publish","format-standard","has-post-thumbnail","hentry","category-minuto-a-minuto","category-zona-gris","tag-genaro-villalobos-sanchez","tag-servicios-de-salud-de-oaxaca"],"jetpack_featured_media_url":"https:\/\/zonaroja.com.mx\/wp-content\/uploads\/2019\/08\/Sol-Rojo.jpg","jetpack_sharing_enabled":true,"_links":{"self":[{"href":"https:\/\/zonaroja.com.mx\/index.php?rest_route=\/wp\/v2\/posts\/3184","targetHints":{"allow":["GET"]}}],"collection":[{"href":"https:\/\/zonaroja.com.mx\/index.php?rest_route=\/wp\/v2\/posts"}],"about":[{"href":"https:\/\/zonaroja.com.mx\/index.php?rest_route=\/wp\/v2\/types\/post"}],"author":[{"embeddable":true,"href":"https:\/\/zonaroja.com.mx\/index.php?rest_route=\/wp\/v2\/users\/2"}],"replies":[{"embeddable":true,"href":"https:\/\/zonaroja.com.mx\/index.php?rest_route=%2Fwp%2Fv2%2Fcomments&post=3184"}],"version-history":[{"count":1,"href":"https:\/\/zonaroja.com.mx\/index.php?rest_route=\/wp\/v2\/posts\/3184\/revisions"}],"predecessor-version":[{"id":3185,"href":"https:\/\/zonaroja.com.mx\/index.php?rest_route=\/wp\/v2\/posts\/3184\/revisions\/3185"}],"wp:featuredmedia":[{"embeddable":true,"href":"https:\/\/zonaroja.com.mx\/index.php?rest_route=\/wp\/v2\/media\/3131"}],"wp:attachment":[{"href":"https:\/\/zonaroja.com.mx\/index.php?rest_route=%2Fwp%2Fv2%2Fmedia&parent=3184"}],"wp:term":[{"taxonomy":"category","embeddable":true,"href":"https:\/\/zonaroja.com.mx\/index.php?rest_route=%2Fwp%2Fv2%2Fcategories&post=3184"},{"taxonomy":"post_tag","embeddable":true,"href":"https:\/\/zonaroja.com.mx\/index.php?rest_route=%2Fwp%2Fv2%2Ftags&post=3184"}],"curies":[{"name":"wp","href":"https:\/\/api.w.org\/{rel}","templated":true}]}}