{"id":31850,"date":"2021-09-09T22:31:40","date_gmt":"2021-09-10T03:31:40","guid":{"rendered":"http:\/\/www.zonaroja.com.mx\/?p=31850"},"modified":"2021-09-09T22:31:44","modified_gmt":"2021-09-10T03:31:44","slug":"en-proceso-expulsion-del-ex-gobernador-ulises-ruiz-del-pri","status":"publish","type":"post","link":"https:\/\/zonaroja.com.mx\/?p=31850","title":{"rendered":"En proceso, expulsi\u00f3n del ex gobernador Ulises Ruiz del PRI"},"content":{"rendered":"\n<p>Redacci\u00f3n\/Zona Roja.<\/p>\n\n\n\n<p>Oaxaca de Ju\u00e1rez, Oax., 9 de septiembre de 2021.- La Comisi\u00f3n Nacional de Justicia del Partido Revolucionario Institucional alista la expulsi\u00f3n del ex gobernador de Oaxaca, Ulises Ruiz, de las filas del PRI, luego de ser acusado de atentar contra la filosof\u00eda, as\u00ed como ciudadanos y militares del partido<\/p>\n\n\n\n<p>\u201cMe da much\u00edsimo gusto que este rufi\u00e1n ya no sea integrante de nuestro partido\u201d, inform\u00f3 en Twitter el presidente del Comit\u00e9 Directivo Estatal de PRI en Quer\u00e9taro, Paul Ospital.<\/p>\n\n\n\n<p>MILENIO dio a conocer que Ulises Ruiz se dio por enterado del proceso de expulsi\u00f3n en su contra por su presunta responsabilidad en el uso de grupos paramilitares para atentar contra ciudadanos y militantes, casos de tortura, ejecuciones extrajudiciales, desapariciones forzadas y enriquecimiento inexplicable.<\/p>\n\n\n\n<p>Ayer por la tarde, la dirigencia nacional priista, encabezada por Alejandro Moreno, sac\u00f3 a Ulises Ruiz, pues ten\u00eda acusaciones por la Comisi\u00f3n de la Verdad de Oaxaca en 2016 y en violaciones al art\u00edculo 148 del C\u00f3digo de Justicia Partidaria, que lo se\u00f1alaba de crear actos violentos en los conflictos sociales y pol\u00edticos contra la Coordinadora Nacional de Trabajadores de la Educaci\u00f3n (CNTE) que se extendi\u00f3 hasta 2007.<\/p>\n\n\n\n<p>En los casi seis meses de movilizaciones se reportaron 30 ejecuciones extrajudiciales, 311 detenciones arbitrarias, 381 lesionados, 248 casos de tortura y la desaparici\u00f3n forzada de dos personas. Las acusaciones contra Ruiz tambi\u00e9n acreditaban el uso de violencia el 29 de junio por parte de grupos de choque contra militantes y privaci\u00f3n ilegal de la libertad de trabajadores que estuvieron retenidos en las instalaciones del PRI durante varias horas.<\/p>\n\n\n\n<p>(Informaci\u00f3n de \u201cMilenio\u201d)<\/p>\n","protected":false},"excerpt":{"rendered":"<p>Redacci\u00f3n\/Zona Roja. Oaxaca de Ju\u00e1rez, Oax., 9 de septiembre de 2021.- La Comisi\u00f3n Nacional de&hellip;<\/p>\n","protected":false},"author":2,"featured_media":29304,"comment_status":"closed","ping_status":"open","sticky":false,"template":"","format":"standard","meta":{"_lmt_disableupdate":"","_lmt_disable":"","_jetpack_memberships_contains_paid_content":false,"footnotes":""},"categories":[109,47],"tags":[749],"class_list":["post-31850","post","type-post","status-publish","format-standard","has-post-thumbnail","hentry","category-minuto-a-minuto","category-zona-gris","tag-ulises-ruiz-ortiz"],"jetpack_featured_media_url":"https:\/\/zonaroja.com.mx\/wp-content\/uploads\/2021\/07\/Ulises-Ruiz-O.jpeg","jetpack_sharing_enabled":true,"_links":{"self":[{"href":"https:\/\/zonaroja.com.mx\/index.php?rest_route=\/wp\/v2\/posts\/31850","targetHints":{"allow":["GET"]}}],"collection":[{"href":"https:\/\/zonaroja.com.mx\/index.php?rest_route=\/wp\/v2\/posts"}],"about":[{"href":"https:\/\/zonaroja.com.mx\/index.php?rest_route=\/wp\/v2\/types\/post"}],"author":[{"embeddable":true,"href":"https:\/\/zonaroja.com.mx\/index.php?rest_route=\/wp\/v2\/users\/2"}],"replies":[{"embeddable":true,"href":"https:\/\/zonaroja.com.mx\/index.php?rest_route=%2Fwp%2Fv2%2Fcomments&post=31850"}],"version-history":[{"count":1,"href":"https:\/\/zonaroja.com.mx\/index.php?rest_route=\/wp\/v2\/posts\/31850\/revisions"}],"predecessor-version":[{"id":31851,"href":"https:\/\/zonaroja.com.mx\/index.php?rest_route=\/wp\/v2\/posts\/31850\/revisions\/31851"}],"wp:featuredmedia":[{"embeddable":true,"href":"https:\/\/zonaroja.com.mx\/index.php?rest_route=\/wp\/v2\/media\/29304"}],"wp:attachment":[{"href":"https:\/\/zonaroja.com.mx\/index.php?rest_route=%2Fwp%2Fv2%2Fmedia&parent=31850"}],"wp:term":[{"taxonomy":"category","embeddable":true,"href":"https:\/\/zonaroja.com.mx\/index.php?rest_route=%2Fwp%2Fv2%2Fcategories&post=31850"},{"taxonomy":"post_tag","embeddable":true,"href":"https:\/\/zonaroja.com.mx\/index.php?rest_route=%2Fwp%2Fv2%2Ftags&post=31850"}],"curies":[{"name":"wp","href":"https:\/\/api.w.org\/{rel}","templated":true}]}}