{"id":3186,"date":"2019-08-18T21:56:31","date_gmt":"2019-08-19T02:56:31","guid":{"rendered":"http:\/\/www.zonaroja.com.mx\/?p=3186"},"modified":"2019-08-18T21:56:34","modified_gmt":"2019-08-19T02:56:34","slug":"terminan-tres-dias-de-gira-de-lopez-obrador-entre-reclamos-de-justicia-y-quejas","status":"publish","type":"post","link":"https:\/\/zonaroja.com.mx\/?p=3186","title":{"rendered":"Terminan tres d\u00edas de gira de L\u00f3pez Obrador entre reclamos de justicia y quejas"},"content":{"rendered":"\n<p>Ismael Garc\u00eda M.<\/p>\n\n\n\n<p>Oaxaca de Ju\u00e1rez, Oax., 18 de agosto de\n2019.- Entre bloqueos, reclamos y protestas, as\u00ed como una retenci\u00f3n por m\u00e1s de\nmedia hora, se desarrollaron tres d\u00edas de visita del Presidente Andr\u00e9s Manuel\nL\u00f3pe Obrador a Oaxaca.<\/p>\n\n\n\n<p>La mayor\u00eda de las quejas fueron en\ncontra del Gobierno del Estado que encabeza Alejandro Murat Hinojosa, por\nindolencia e ineficacia en materia de seguridad, procuraci\u00f3n de justicia y\nreconstrucci\u00f3n de viviendas da\u00f1adas por sismos, adem\u00e1s de nula atenci\u00f3n al\nconflicto Ayutla-Tamazul\u00e1pam.<\/p>\n\n\n\n<p>El viernes por la tarde en Huautla de\nJim\u00e9nez, el Presidente de M\u00e9xico enfrent\u00f3 una protesta de familiares y\npobladores que reclamaron la inacci\u00f3n de la Fiscal\u00eda General del Estado\nrespecto a una decena de personas asesinadas y desaparecidas tan s\u00f3lo este a\u00f1o.<\/p>\n\n\n\n<p>Asimismo, denunciaron la nula presencia policiaca por parte de la Secretar\u00eda de Seguridad P\u00fablica de Oaxaca.<\/p>\n\n\n\n<figure class=\"wp-block-embed-twitter wp-block-embed is-type-rich is-provider-twitter\"><div class=\"wp-block-embed__wrapper\">\n<div class=\"twitter-tweet\"><blockquote class=\"twitter-tweet\" data-lang=\"es\"><p lang=\"es\" dir=\"ltr\"><a href=\"https:\/\/twitter.com\/hashtag\/OaxacaRojo?src=hash&amp;ref_src=twsrc%5Etfw\">#OaxacaRojo<\/a><br>As\u00ed fueron los reclamos de Ayutla Mixe al Presidente <a href=\"https:\/\/twitter.com\/lopezobrador_?ref_src=twsrc%5Etfw\">@lopezobrador_<\/a>, ante la indolencia e incapacidad del <a href=\"https:\/\/twitter.com\/GobOax?ref_src=twsrc%5Etfw\">@GobOax<\/a> que encabeza <a href=\"https:\/\/twitter.com\/alejandromurat?ref_src=twsrc%5Etfw\">@alejandromurat<\/a> para atender el problema del agua y el l\u00edo agrario con Tamazul\u00e1pam del Esp\u00edritu Santo. <a href=\"https:\/\/twitter.com\/julioastillero?ref_src=twsrc%5Etfw\">@julioastillero<\/a> <a href=\"https:\/\/twitter.com\/AristeguiOnline?ref_src=twsrc%5Etfw\">@AristeguiOnline<\/a> <a href=\"https:\/\/t.co\/0jDqrwckz7\">pic.twitter.com\/0jDqrwckz7<\/a><\/p>&mdash; Zona Roja Oaxaca (@MexRoja) <a href=\"https:\/\/twitter.com\/MexRoja\/status\/1162909438883196928?ref_src=twsrc%5Etfw\">18 de agosto de 2019<\/a><\/blockquote><\/div>\n<\/div><\/figure>\n\n\n\n<p>El s\u00e1bado a su regreso de San Ildefonso\nVilla Alta a la capital, fue detenido por pobladores de San Pedro y San Pablo\nAyutla Mixe, quienes entre gritos y l\u00e1grimas denunciaron al mandatario estatal\npor no atender el problema de falta de agua potable desde hace dos a\u00f1os.<\/p>\n\n\n\n<p>Asimismo, el nulo avance de las\ninvestigaciones por parte de la Fiscal\u00eda General del Estado por el asesinato de\nuna persona, lesiones a seis y encarcelamiento de cuatro mujeres. Murat\nHinojosa tuvo que comprometerse a acudir este martes.<\/p>\n\n\n\n<p>Este domingo camino a Miahuatl\u00e1n de\nPorfirio D\u00edaz fue detenido en varios puntos por pobladores que con pancartas en\nmano se quejaron de nulas obras y exig\u00edan atenci\u00f3n.<\/p>\n\n\n\n<p>Y en Tlacolula de Matamoros, \u00faltimo punto de la gira de trabajo, enfrent\u00f3 al menos tres protestas e incluso L\u00f3pez Obrador tuvo que bajarse de la camioneta ante el impedimento de que la unidad avanzara.<\/p>\n\n\n\n<figure class=\"wp-block-embed-twitter wp-block-embed is-type-rich is-provider-twitter\"><div class=\"wp-block-embed__wrapper\">\n<div class=\"twitter-tweet\"><blockquote class=\"twitter-tweet\" data-lang=\"es\"><p lang=\"es\" dir=\"ltr\"><a href=\"https:\/\/twitter.com\/hashtag\/OaxacaGris?src=hash&amp;ref_src=twsrc%5Etfw\">#OaxacaGris<\/a><br>De nueva cuenta, por omisiones y negligencias del <a href=\"https:\/\/twitter.com\/GobOax?ref_src=twsrc%5Etfw\">@GobOax<\/a> que encabeza <a href=\"https:\/\/twitter.com\/alejandromurat?ref_src=twsrc%5Etfw\">@alejandromurat<\/a>, al Presidente <a href=\"https:\/\/twitter.com\/lopezobrador_?ref_src=twsrc%5Etfw\">@lopezobrador_<\/a> lo reciben con protestas en Tlacolula; ahora por directivos y alumnos de la Preparatoria 1 de la UABJO, que piden reconstrucci\u00f3n de escuela. <a href=\"https:\/\/t.co\/pnd4HGbzSV\">pic.twitter.com\/pnd4HGbzSV<\/a><\/p>&mdash; Zona Roja Oaxaca (@MexRoja) <a href=\"https:\/\/twitter.com\/MexRoja\/status\/1163199767712845827?ref_src=twsrc%5Etfw\">18 de agosto de 2019<\/a><\/blockquote><\/div>\n<\/div><\/figure>\n\n\n\n<p>Trabajadores del Sindicato\nIndependiente de Trabajadores y Profesionales de la Salud se quejaron de\ndespidos con la desaparici\u00f3n del programa Prospera.<\/p>\n\n\n\n<p>Militantes del Frente Amplio de Lucha\nPopular (FALP), pidieron obras de drenaje; padres de familia y profesores de la\nEscuela Preparatoria n\u00famero Uno de la UABJO denunciaron nulos avances en la\nreconstrucci\u00f3n de aulas en esa instituci\u00f3n.<\/p>\n\n\n\n<p>El acto termin\u00f3 esta tarde en el Hospital Rural del IMSS, donde el gobernador Murat Hinojosa fue abucheado, por lo que L\u00f3pez Obrador tuvo que intervenir para evitar que haya m\u00e1s confrontaci\u00f3n.<\/p>\n\n\n\n<figure class=\"wp-block-embed-twitter wp-block-embed is-type-rich is-provider-twitter\"><div class=\"wp-block-embed__wrapper\">\n<div class=\"twitter-tweet\"><blockquote class=\"twitter-tweet\" data-lang=\"es\"><p lang=\"es\" dir=\"ltr\"><a href=\"https:\/\/twitter.com\/hashtag\/OaxacaGris?src=hash&amp;ref_src=twsrc%5Etfw\">#OaxacaGris<\/a><br>En los tres d\u00edas en <a href=\"https:\/\/twitter.com\/hashtag\/Oaxaca?src=hash&amp;ref_src=twsrc%5Etfw\">#Oaxaca<\/a>, <a href=\"https:\/\/twitter.com\/lopezobrador_?ref_src=twsrc%5Etfw\">@lopezobrador_<\/a> enfrent\u00f3 retenci\u00f3n, protestas y reclamos por nula atenci\u00f3n del <a href=\"https:\/\/twitter.com\/GobOax?ref_src=twsrc%5Etfw\">@GobOax<\/a>. La jornada cerr\u00f3 hoy en Tlacolula de Matamoros, con abucheos al gobernador <a href=\"https:\/\/twitter.com\/alejandromurat?ref_src=twsrc%5Etfw\">@alejandromurat<\/a>. <a href=\"https:\/\/twitter.com\/julioastillero?ref_src=twsrc%5Etfw\">@julioastillero<\/a> <a href=\"https:\/\/twitter.com\/AristeguiOnline?ref_src=twsrc%5Etfw\">@AristeguiOnline<\/a> <a href=\"https:\/\/twitter.com\/lopezdoriga?ref_src=twsrc%5Etfw\">@lopezdoriga<\/a> <a href=\"https:\/\/t.co\/cp7LR89r2t\">pic.twitter.com\/cp7LR89r2t<\/a><\/p>&mdash; Zona Roja Oaxaca (@MexRoja) <a href=\"https:\/\/twitter.com\/MexRoja\/status\/1163248281008463872?ref_src=twsrc%5Etfw\">19 de agosto de 2019<\/a><\/blockquote><\/div>\n<\/div><\/figure>\n","protected":false},"excerpt":{"rendered":"<p>Ismael Garc\u00eda M. Oaxaca de Ju\u00e1rez, Oax., 18 de agosto de 2019.- Entre bloqueos, reclamos&hellip;<\/p>\n","protected":false},"author":2,"featured_media":3187,"comment_status":"closed","ping_status":"open","sticky":false,"template":"","format":"standard","meta":{"_lmt_disableupdate":"","_lmt_disable":"","_jetpack_memberships_contains_paid_content":false,"footnotes":""},"categories":[109,47],"tags":[143,501],"class_list":["post-3186","post","type-post","status-publish","format-standard","has-post-thumbnail","hentry","category-minuto-a-minuto","category-zona-gris","tag-andres-manuel-lopez-obrador","tag-san-pedro-y-san-pablo-ayutla-mixe"],"jetpack_featured_media_url":"https:\/\/zonaroja.com.mx\/wp-content\/uploads\/2019\/08\/98af1858-b17f-4dbb-ab4e-3b594847b7a4.jpg","jetpack_sharing_enabled":true,"_links":{"self":[{"href":"https:\/\/zonaroja.com.mx\/index.php?rest_route=\/wp\/v2\/posts\/3186","targetHints":{"allow":["GET"]}}],"collection":[{"href":"https:\/\/zonaroja.com.mx\/index.php?rest_route=\/wp\/v2\/posts"}],"about":[{"href":"https:\/\/zonaroja.com.mx\/index.php?rest_route=\/wp\/v2\/types\/post"}],"author":[{"embeddable":true,"href":"https:\/\/zonaroja.com.mx\/index.php?rest_route=\/wp\/v2\/users\/2"}],"replies":[{"embeddable":true,"href":"https:\/\/zonaroja.com.mx\/index.php?rest_route=%2Fwp%2Fv2%2Fcomments&post=3186"}],"version-history":[{"count":1,"href":"https:\/\/zonaroja.com.mx\/index.php?rest_route=\/wp\/v2\/posts\/3186\/revisions"}],"predecessor-version":[{"id":3188,"href":"https:\/\/zonaroja.com.mx\/index.php?rest_route=\/wp\/v2\/posts\/3186\/revisions\/3188"}],"wp:featuredmedia":[{"embeddable":true,"href":"https:\/\/zonaroja.com.mx\/index.php?rest_route=\/wp\/v2\/media\/3187"}],"wp:attachment":[{"href":"https:\/\/zonaroja.com.mx\/index.php?rest_route=%2Fwp%2Fv2%2Fmedia&parent=3186"}],"wp:term":[{"taxonomy":"category","embeddable":true,"href":"https:\/\/zonaroja.com.mx\/index.php?rest_route=%2Fwp%2Fv2%2Fcategories&post=3186"},{"taxonomy":"post_tag","embeddable":true,"href":"https:\/\/zonaroja.com.mx\/index.php?rest_route=%2Fwp%2Fv2%2Ftags&post=3186"}],"curies":[{"name":"wp","href":"https:\/\/api.w.org\/{rel}","templated":true}]}}