{"id":31860,"date":"2021-09-10T08:40:38","date_gmt":"2021-09-10T13:40:38","guid":{"rendered":"http:\/\/www.zonaroja.com.mx\/?p=31860"},"modified":"2021-09-10T08:40:41","modified_gmt":"2021-09-10T13:40:41","slug":"suicidio-afecta-en-mayor-medida-a-poblacion-joven-en-oaxaca-tasa-es-de-3-9","status":"publish","type":"post","link":"https:\/\/zonaroja.com.mx\/?p=31860","title":{"rendered":"Suicidio afecta en mayor medida a poblaci\u00f3n joven; en Oaxaca, tasa es de 3.9"},"content":{"rendered":"\n<p>Evlin Arag\u00f3n\/Zona Roja.<\/p>\n\n\n\n<p>Oaxaca de Ju\u00e1rez, Oax., 10 de septiembre de 2021.- En Oaxaca, la tasa de suicidio es de 3.9 por cada 100 mil habitantes cifra muy por debajo a la media nacional que es de 6.2.&nbsp;<\/p>\n\n\n\n<p>La entidad se ubica en los cinco \u00faltimos lugares a nivel nacional, solo por encima de Chiapas, Hidalgo, Veracruz, Guerrero.&nbsp;<\/p>\n\n\n\n<p>Mientras que las entidades con mayor incidencia son Chihuahua, Aguascalientes, Yucat\u00e1n, Sonora y Coahuila.&nbsp;<\/p>\n\n\n\n<p>Dicha informaci\u00f3n de acuerdo con las estad\u00edsticas publicadas por el Instituto Nacional de Estad\u00edstica y Geograf\u00eda (INEGI) a prop\u00f3sito del D\u00eda Mundial para la Prevenci\u00f3n del Suicidio que se conmemora este diez de septiembre.<\/p>\n\n\n\n<p>Los datos refieren que, en 2020, se registraron 7 mil 818 fallecimiento por lesiones autoinfligidas en el pa\u00eds, lo que representa 0.7 por ciento del total de muertes en el a\u00f1o y una tasa de suicidio de 6.2 por cada 100 mil habitantes.&nbsp;<\/p>\n\n\n\n<p>Por sexo, de los decesos por esta causa destaca que los hombres tienen una tasa de 10.4 fallecimientos por cada cien mil, mismos que se traducen en 6 mil 383, mientras que esta situaci\u00f3n se presenta en 2.2 de cada 100 mil mujeres, es decir mil 427.&nbsp;<\/p>\n\n\n\n<p>As\u00ed mismo, ponen de manifiesto que la tasa de suicidio es m\u00e1s alta en el grupo de j\u00f3venes de 18 a 29 a\u00f1os, ya que se presentan 10.7 decesos por esta causa por cada 100 mil j\u00f3venes.&nbsp;<\/p>\n\n\n\n<p>Le sigue el grupo poblacional de 30 a 59 a\u00f1os, con 7.7; de 60 y m\u00e1s con un 5.5; y de 10 a 17 a\u00f1os, con 4.4 decesos por cada 100 mil habitantes.&nbsp;<\/p>\n\n\n\n<p>La Encuesta Nacional de Salud y Nutrici\u00f3n refiere que, para 2018, de la poblaci\u00f3n de 10 a\u00f1os y m\u00e1s, 5 por ciento declararon que alguna vez han pensado suicidarse.<\/p>\n\n\n\n<p>La idea suicida est\u00e1 m\u00e1s presente en las mujeres de 50 a 59 a\u00f1os, seguida por las ni\u00f1as y adolescentes de 10 a 19, las mujeres de 40 a 49 a\u00f1os y las de 60 a\u00f1os y m\u00e1s; mientras que, en la poblaci\u00f3n masculina, se presenta mayormente en la poblaci\u00f3n de 40 a 49 a\u00f1os, continuado por aquellos que tienen de 30 a 39 y los de 60 a\u00f1os y m\u00e1s.<\/p>\n\n\n\n<p>De acuerdo con la Organizaci\u00f3n Mundial de la Salud, el suicidio es considerado un problema de salud p\u00fablica que conlleva una tragedia para las familias y para la sociedad. Dichas muertes pueden evitarse si se interviene de manera oportuna, de ah\u00ed que se promueve una cultura de la prevenci\u00f3n.&nbsp;<\/p>\n","protected":false},"excerpt":{"rendered":"<p>Evlin Arag\u00f3n\/Zona Roja. Oaxaca de Ju\u00e1rez, Oax., 10 de septiembre de 2021.- En Oaxaca, la&hellip;<\/p>\n","protected":false},"author":2,"featured_media":19321,"comment_status":"closed","ping_status":"open","sticky":false,"template":"","format":"standard","meta":{"_lmt_disableupdate":"","_lmt_disable":"","_jetpack_memberships_contains_paid_content":false,"footnotes":""},"categories":[109,47],"tags":[],"class_list":["post-31860","post","type-post","status-publish","format-standard","has-post-thumbnail","hentry","category-minuto-a-minuto","category-zona-gris"],"jetpack_featured_media_url":"https:\/\/zonaroja.com.mx\/wp-content\/uploads\/2020\/10\/Suicidio-mujer.jpg","jetpack_sharing_enabled":true,"_links":{"self":[{"href":"https:\/\/zonaroja.com.mx\/index.php?rest_route=\/wp\/v2\/posts\/31860","targetHints":{"allow":["GET"]}}],"collection":[{"href":"https:\/\/zonaroja.com.mx\/index.php?rest_route=\/wp\/v2\/posts"}],"about":[{"href":"https:\/\/zonaroja.com.mx\/index.php?rest_route=\/wp\/v2\/types\/post"}],"author":[{"embeddable":true,"href":"https:\/\/zonaroja.com.mx\/index.php?rest_route=\/wp\/v2\/users\/2"}],"replies":[{"embeddable":true,"href":"https:\/\/zonaroja.com.mx\/index.php?rest_route=%2Fwp%2Fv2%2Fcomments&post=31860"}],"version-history":[{"count":1,"href":"https:\/\/zonaroja.com.mx\/index.php?rest_route=\/wp\/v2\/posts\/31860\/revisions"}],"predecessor-version":[{"id":31861,"href":"https:\/\/zonaroja.com.mx\/index.php?rest_route=\/wp\/v2\/posts\/31860\/revisions\/31861"}],"wp:featuredmedia":[{"embeddable":true,"href":"https:\/\/zonaroja.com.mx\/index.php?rest_route=\/wp\/v2\/media\/19321"}],"wp:attachment":[{"href":"https:\/\/zonaroja.com.mx\/index.php?rest_route=%2Fwp%2Fv2%2Fmedia&parent=31860"}],"wp:term":[{"taxonomy":"category","embeddable":true,"href":"https:\/\/zonaroja.com.mx\/index.php?rest_route=%2Fwp%2Fv2%2Fcategories&post=31860"},{"taxonomy":"post_tag","embeddable":true,"href":"https:\/\/zonaroja.com.mx\/index.php?rest_route=%2Fwp%2Fv2%2Ftags&post=31860"}],"curies":[{"name":"wp","href":"https:\/\/api.w.org\/{rel}","templated":true}]}}