{"id":31868,"date":"2021-09-10T09:29:23","date_gmt":"2021-09-10T14:29:23","guid":{"rendered":"http:\/\/www.zonaroja.com.mx\/?p=31868"},"modified":"2021-09-10T09:29:25","modified_gmt":"2021-09-10T14:29:25","slug":"reconoce-segego-muerto-en-mixteca-sigue-fracasando-politica-interna","status":"publish","type":"post","link":"https:\/\/zonaroja.com.mx\/?p=31868","title":{"rendered":"Reconoce Segego muerto en Mixteca; sigue fracasando pol\u00edtica interna"},"content":{"rendered":"\n<p>Redacci\u00f3n\/Zona Roja.<\/p>\n\n\n\n<p>Oaxaca de Ju\u00e1rez, Oax., 10 de septiembre de 2021.- La Secretar\u00eda General de Gobierno (Segego) de Oaxaca reconoci\u00f3 la violencia suscitada ayer en la regi\u00f3n Mixteca del estado, pero se limit\u00f3 a lamentar los hechos.<\/p>\n\n\n\n<p>Derivado de un a\u00f1ejo conflicto agrario, presuntamente pobladores de Santa Luc\u00eda Monteverde atacaron a Santa Catarina Yosonot\u00fa, lo que dej\u00f3 como saldo una persona fallecida, el agente municipal Feliciano Morales, y casas quemadas.<\/p>\n\n\n\n<p>A trav\u00e9s de un comunicado de prensa emitido anoche, pidi\u00f3 a la Secretar\u00eda de Seguridad P\u00fablica (SSP) y a la Guardia Nacional, implementar operativos de seguridad en la zona para restablecer el orden y la paz social.<\/p>\n\n\n\n<p>Su titular, Francisco Garc\u00eda L\u00f3pez, \u201ccondena en\u00e9rgicamente\u201d los hechos ocurridos con violencia en las comunidades de la regi\u00f3n Mixteca y \u201csolicita con respeto a su autonom\u00eda a la Fiscal\u00eda General del Estado de Oaxaca (FGEO), realizar las investigaciones correspondientes y castigo a quien o quienes resulten responsables, ante el homicidio de F.M.M. quien se desempe\u00f1aba como agente municipal de Morelos, Yosonot\u00fa\u201d.<\/p>\n\n\n\n<p>Sin embargo, t\u00e1citamente reconoci\u00f3 el fracaso de la pol\u00edtica interna en ese caso, pues detall\u00f3 que apenas el pasado 9 de agosto del a\u00f1o en curso, las comunidades de Santa Catarina Yosonot\u00fa y Santa Luc\u00eda Monteverde, sostuvieron una mesa de di\u00e1logo en la Secretar\u00eda General de Gobierno (Segego), \u201ccon el objetivo de conciliar el conflicto agrario que ha prevalecido por d\u00e9cadas; ambas comunidades firmaron una minuta de acuerdos en la cual se comprometieron a mantener la paz y tranquilidad en la zona, evitando actos de provocaci\u00f3n y violencia, as\u00ed como privilegiar el di\u00e1logo en todo momento\u201d.<\/p>\n\n\n\n<p>\u201cAs\u00ed mismo, ambas partes acordaron que la Guardia Nacional y la Secretar\u00eda de Seguridad P\u00fablica, realizar\u00edan recorridos de seguridad en la zona, por su parte, la Junta de Conciliaci\u00f3n Agraria de la (Segego), ejecutar\u00eda trabajos t\u00e9cnicos y topogr\u00e1ficos, se\u00f1alando como fecha de reuni\u00f3n este 9 de septiembre, sin embargo, la comunidad de Santa Luc\u00eda Monteverde, no se present\u00f3.<\/p>\n","protected":false},"excerpt":{"rendered":"<p>Redacci\u00f3n\/Zona Roja. Oaxaca de Ju\u00e1rez, Oax., 10 de septiembre de 2021.- La Secretar\u00eda General de&hellip;<\/p>\n","protected":false},"author":2,"featured_media":31869,"comment_status":"closed","ping_status":"open","sticky":false,"template":"","format":"standard","meta":{"_lmt_disableupdate":"","_lmt_disable":"","_jetpack_memberships_contains_paid_content":false,"footnotes":""},"categories":[109,47],"tags":[2121],"class_list":["post-31868","post","type-post","status-publish","format-standard","has-post-thumbnail","hentry","category-minuto-a-minuto","category-zona-gris","tag-secretaria-general-de-gobierno-segego"],"jetpack_featured_media_url":"https:\/\/zonaroja.com.mx\/wp-content\/uploads\/2021\/09\/Monteverde-Yosonotu.jpg","jetpack_sharing_enabled":true,"_links":{"self":[{"href":"https:\/\/zonaroja.com.mx\/index.php?rest_route=\/wp\/v2\/posts\/31868","targetHints":{"allow":["GET"]}}],"collection":[{"href":"https:\/\/zonaroja.com.mx\/index.php?rest_route=\/wp\/v2\/posts"}],"about":[{"href":"https:\/\/zonaroja.com.mx\/index.php?rest_route=\/wp\/v2\/types\/post"}],"author":[{"embeddable":true,"href":"https:\/\/zonaroja.com.mx\/index.php?rest_route=\/wp\/v2\/users\/2"}],"replies":[{"embeddable":true,"href":"https:\/\/zonaroja.com.mx\/index.php?rest_route=%2Fwp%2Fv2%2Fcomments&post=31868"}],"version-history":[{"count":1,"href":"https:\/\/zonaroja.com.mx\/index.php?rest_route=\/wp\/v2\/posts\/31868\/revisions"}],"predecessor-version":[{"id":31870,"href":"https:\/\/zonaroja.com.mx\/index.php?rest_route=\/wp\/v2\/posts\/31868\/revisions\/31870"}],"wp:featuredmedia":[{"embeddable":true,"href":"https:\/\/zonaroja.com.mx\/index.php?rest_route=\/wp\/v2\/media\/31869"}],"wp:attachment":[{"href":"https:\/\/zonaroja.com.mx\/index.php?rest_route=%2Fwp%2Fv2%2Fmedia&parent=31868"}],"wp:term":[{"taxonomy":"category","embeddable":true,"href":"https:\/\/zonaroja.com.mx\/index.php?rest_route=%2Fwp%2Fv2%2Fcategories&post=31868"},{"taxonomy":"post_tag","embeddable":true,"href":"https:\/\/zonaroja.com.mx\/index.php?rest_route=%2Fwp%2Fv2%2Ftags&post=31868"}],"curies":[{"name":"wp","href":"https:\/\/api.w.org\/{rel}","templated":true}]}}