{"id":31874,"date":"2021-09-10T15:51:57","date_gmt":"2021-09-10T20:51:57","guid":{"rendered":"http:\/\/www.zonaroja.com.mx\/?p=31874"},"modified":"2021-09-10T15:52:15","modified_gmt":"2021-09-10T20:52:15","slug":"amlo-y-quien-es-quien-en-las-mentiras-promocionaron-a-morena","status":"publish","type":"post","link":"https:\/\/zonaroja.com.mx\/?p=31874","title":{"rendered":"AMLO y \u201cQui\u00e9n es qui\u00e9n en las mentiras\u201d promocionaron a Morena"},"content":{"rendered":"\n<p>Redacci\u00f3n\/Zona Roja Cdmx.<\/p>\n\n\n\n<p>Ciudad de M\u00e9xico, 10 de septiembre de 2021.- El Presidente Andr\u00e9s Manuel L\u00f3pez Obrador y su colaboradora Ana Elizabeth Garc\u00eda Vilchis utilizaron el espacio \u201cQui\u00e9n es qui\u00e9n en las mentiras\u201d para posicionar a Morena, resolvi\u00f3 el Tribunal Electoral del Poder Judicial de la Federaci\u00f3n (TEPJF).<\/p>\n\n\n\n<p>En sesi\u00f3n p\u00fablica celebrada ayer jueves, la Sala Especializada del TEPJF dijo que, con dicha secci\u00f3n de la conferencia matutina del Presidente, se configur\u00f3 la indebida adquisici\u00f3n de tiempos en radio y televisi\u00f3n.<\/p>\n\n\n\n<p>En espec\u00edfico se refirieron a lo dicho en la conferencia matutina del 7 de julio pasado, para posicionar la idea de que el partido Morena fue afectado por la cobertura period\u00edstica durante la campa\u00f1a del pasado proceso electoral.<\/p>\n\n\n\n<p>El proyecto fue presentado por el magistrado Luis Esp\u00edndola Morales, el cual fue apoyado por la magistrada Gabriela VIllafuerte Coello y con el voto en contra del magistrado presidente Ruben Jes\u00fas Lara Patr\u00f3n.<\/p>\n\n\n\n<p>La y los magistrados resolvieron que derivado de lo anterior el director de Cepropie, Erwin Sigfrid Frederick Neumaier y el vocero de la presidencia Jes\u00fas Ram\u00edrez, tambi\u00e9n son responsables por la misma conducta.<\/p>\n\n\n\n<p>El efecto de la sentencia es que se d\u00e9 vista al \u00d3rgano Interno de Control de la Presidencia y al propio Presidente, en su calidad de superior jer\u00e1rquico de todos los involucrados en esta sentencia.\u2026<\/p>\n\n\n\n<p>En tanto, en sesi\u00f3n por separado, la Sala Superior del TEPJF confirm\u00f3 la sanci\u00f3n aplicable al director de Cepropie, Erwin Sigfrid Frederick Neumaier, y el vocero de la presidencia Jes\u00fas Ram\u00edrez, por la difusi\u00f3n de la conferencia matutina del Presidente de la Rep\u00fablica del 23 de diciembre.<\/p>\n\n\n\n<p>La Sala Superior del TEPJF desech\u00f3 los recursos de impugnaci\u00f3n 385 y 386 presentado por ambos funcionarios con el que impugnaron la resoluci\u00f3n de la Sala Regional Especializada en el proceso sancionador 150\/2021 en las que se les declar\u00f3 responsables por omisi\u00f3n de cuidado.<\/p>\n\n\n\n<p>La Sala Regional Especializada orden\u00f3 dar vista al \u00d3rgano Interno de Control de la Presidencia y al propio Presidente para la imposici\u00f3n de la sanci\u00f3n correspondiente a dichos funcionarios por la difusi\u00f3n de la citada conferencia.<\/p>\n\n\n\n<p>La y los magistrados de la Sala Regional Especializada determinaron que en dicha conferencia se emitieron mensajes que violaron lo previsto en el art\u00edculo 134 Constituci\u00f3n de la Rep\u00fablica por la difusi\u00f3n de propaganda gubernamental durante periodo prohibido por que estaba en curso el proceso electoral.<\/p>\n\n\n\n<p>Este jueves la Sala Superior del TEPJF ratific\u00f3 dicha determinaci\u00f3n.<\/p>\n\n\n\n<p>(Informaci\u00f3n de \u00abEl Financiero\u00bb)<\/p>\n","protected":false},"excerpt":{"rendered":"<p>Redacci\u00f3n\/Zona Roja Cdmx. Ciudad de M\u00e9xico, 10 de septiembre de 2021.- El Presidente Andr\u00e9s Manuel&hellip;<\/p>\n","protected":false},"author":2,"featured_media":31875,"comment_status":"closed","ping_status":"open","sticky":false,"template":"","format":"standard","meta":{"_lmt_disableupdate":"","_lmt_disable":"","_jetpack_memberships_contains_paid_content":false,"footnotes":""},"categories":[109,47],"tags":[143],"class_list":["post-31874","post","type-post","status-publish","format-standard","has-post-thumbnail","hentry","category-minuto-a-minuto","category-zona-gris","tag-andres-manuel-lopez-obrador"],"jetpack_featured_media_url":"https:\/\/zonaroja.com.mx\/wp-content\/uploads\/2021\/09\/Presidente-y-mananaera-sancionados.jpeg","jetpack_sharing_enabled":true,"_links":{"self":[{"href":"https:\/\/zonaroja.com.mx\/index.php?rest_route=\/wp\/v2\/posts\/31874","targetHints":{"allow":["GET"]}}],"collection":[{"href":"https:\/\/zonaroja.com.mx\/index.php?rest_route=\/wp\/v2\/posts"}],"about":[{"href":"https:\/\/zonaroja.com.mx\/index.php?rest_route=\/wp\/v2\/types\/post"}],"author":[{"embeddable":true,"href":"https:\/\/zonaroja.com.mx\/index.php?rest_route=\/wp\/v2\/users\/2"}],"replies":[{"embeddable":true,"href":"https:\/\/zonaroja.com.mx\/index.php?rest_route=%2Fwp%2Fv2%2Fcomments&post=31874"}],"version-history":[{"count":2,"href":"https:\/\/zonaroja.com.mx\/index.php?rest_route=\/wp\/v2\/posts\/31874\/revisions"}],"predecessor-version":[{"id":31877,"href":"https:\/\/zonaroja.com.mx\/index.php?rest_route=\/wp\/v2\/posts\/31874\/revisions\/31877"}],"wp:featuredmedia":[{"embeddable":true,"href":"https:\/\/zonaroja.com.mx\/index.php?rest_route=\/wp\/v2\/media\/31875"}],"wp:attachment":[{"href":"https:\/\/zonaroja.com.mx\/index.php?rest_route=%2Fwp%2Fv2%2Fmedia&parent=31874"}],"wp:term":[{"taxonomy":"category","embeddable":true,"href":"https:\/\/zonaroja.com.mx\/index.php?rest_route=%2Fwp%2Fv2%2Fcategories&post=31874"},{"taxonomy":"post_tag","embeddable":true,"href":"https:\/\/zonaroja.com.mx\/index.php?rest_route=%2Fwp%2Fv2%2Ftags&post=31874"}],"curies":[{"name":"wp","href":"https:\/\/api.w.org\/{rel}","templated":true}]}}