{"id":31878,"date":"2021-09-10T15:59:05","date_gmt":"2021-09-10T20:59:05","guid":{"rendered":"http:\/\/www.zonaroja.com.mx\/?p=31878"},"modified":"2021-09-10T15:59:08","modified_gmt":"2021-09-10T20:59:08","slug":"engana-edil-de-oaxaca-de-juarez-a-vecinos-para-favorecer-a-empresa","status":"publish","type":"post","link":"https:\/\/zonaroja.com.mx\/?p=31878","title":{"rendered":"Enga\u00f1a edil de Oaxaca de Ju\u00e1rez a vecinos, para favorecer a empresa"},"content":{"rendered":"\n<p>Evlin Arag\u00f3n\/Zona Roja.<\/p>\n\n\n\n<p>Oaxaca de Ju\u00e1rez, Oax., 10 de septiembre de 2021.- Vecinos de la privada Los Pinos, en la colonia Reforma, denunciaron una serie de incumplimientos a los acuerdos establecidos por parte de las autoridades del municipio de Oaxaca de Ju\u00e1rez que, previamente, autorizaron la construcci\u00f3n de una sucursal de la empresa Coppel en la zona.&nbsp;<\/p>\n\n\n\n<p>Y es de acuerdo con sus declaraciones, la empresa pretende ocupar la vialidad como estacionamiento, de ah\u00ed que piden al edil Oswaldo Garc\u00eda Jarqu\u00edn y su gente la pavimentaci\u00f3n del lugar en su totalidad, y no un trabajo de bacheo mal hecho como el que proponen realizar.&nbsp;<\/p>\n\n\n\n<p>\u201cDicen que van a bachear, eso no queremos. Queremos que se repare toda la cuadra con un pavimento de buena calidad. Y principalmente que la privada no sea la entrada de Coppel, que respeten nuestra entrada\u201d, dijo una de las vecinas.&nbsp;<\/p>\n\n\n\n<p>En un encuentro con los medios de comunicaci\u00f3n, explic\u00f3 que han seguido los tr\u00e1mites pertinentes ante el municipio y lo har\u00e1n con las instancias necesarias hasta conseguir el respeto que merecen como habitantes de la zona, as\u00ed como el cumplimiento de los acuerdos previos.&nbsp;<\/p>\n\n\n\n<p>As\u00ed mismo, planteo la posibilidad de iniciar una serie de protestas en caso de no ser escuchados por la autoridad, con quien ten\u00edan pactado un recorrido por la obra, sin embargo, debido a la presencia de la prensa en el lugar condicionaron su presencia, pese a tratarse de labores propias de su cargo.\u00a0<\/p>\n\n\n\n<figure class=\"wp-block-embed-twitter wp-block-embed is-type-rich is-provider-twitter\"><div class=\"wp-block-embed__wrapper\">\n<div class=\"twitter-tweet\"><blockquote class=\"twitter-tweet\" data-lang=\"es\"><p lang=\"es\" dir=\"ltr\"><a href=\"https:\/\/twitter.com\/hashtag\/%C3%9AltimoMinuto?src=hash&amp;ref_src=twsrc%5Etfw\">#\u00daltimoMinuto<\/a> <br>A la privada de Los Pinos, colonia Reforma, llegaron representantes del <a href=\"https:\/\/twitter.com\/MunicipioOaxaca?ref_src=twsrc%5Etfw\">@MunicipioOaxaca<\/a>, para recorrido. <br>Pero reclamaron que los vecinos hayan convocado a la prensa, hicieron berrinche y se retiraron. <a href=\"https:\/\/t.co\/qN0uUn0dc4\">pic.twitter.com\/qN0uUn0dc4<\/a><\/p>&mdash; Zona Roja Oaxaca (@Zona_Roja_Oax) <a href=\"https:\/\/twitter.com\/Zona_Roja_Oax\/status\/1436371242450395141?ref_src=twsrc%5Etfw\">10 de septiembre de 2021<\/a><\/blockquote><\/div>\n<\/div><\/figure>\n\n\n\n<p>\u201cNosotros vamos a cerrar la privada, ellos no respetaron y por el contrario alteraron nuestra tranquilidad. Aqu\u00ed solo vivimos familias, en su mayor\u00eda de la tercera edad, nosotros queremos tranquilidad y no la hemos obtenido\u201d, manifest\u00f3 otro de los vecinos, David L\u00f3pez.<\/p>\n\n\n\n<p>Finalmente, se\u00f1al\u00f3 un presunto acuerdo discrecional entre el municipio y la empresa, ya que \u00e9sta \u00faltima no los ha considerado recientemente, mismo que temen se llevar\u00eda a cabo en perjuicio de las 14 familias que habitan en la zona.&nbsp;<\/p>\n\n\n\n<p>Aunque la autoridad municipal hab\u00eda condicionado su llegada, debido a la presencia de la prensa, al final decidieron arribar al lugar en donde reclamaron a los vecinos el haber llamado a los medios de comunicaci\u00f3n, motivo por el que se hicieron los ofendidos y se retiraron r\u00e1pidamente.<\/p>\n\n\n\n<p>Lo anterior sin llegar a los acuerdos que, en concreto, piden las familias que se dicen afectadas con la obra que desde hace algunas semanas se realiza en la zona norte de la ciudad.&nbsp;&nbsp;<\/p>\n","protected":false},"excerpt":{"rendered":"<p>Evlin Arag\u00f3n\/Zona Roja. Oaxaca de Ju\u00e1rez, Oax., 10 de septiembre de 2021.- Vecinos de la&hellip;<\/p>\n","protected":false},"author":2,"featured_media":31879,"comment_status":"closed","ping_status":"open","sticky":false,"template":"","format":"standard","meta":{"_lmt_disableupdate":"","_lmt_disable":"","_jetpack_memberships_contains_paid_content":false,"footnotes":""},"categories":[109,47],"tags":[148],"class_list":["post-31878","post","type-post","status-publish","format-standard","has-post-thumbnail","hentry","category-minuto-a-minuto","category-zona-gris","tag-oaxaca-de-juarez"],"jetpack_featured_media_url":"https:\/\/zonaroja.com.mx\/wp-content\/uploads\/2021\/09\/Vecinos-colonia-Reforma-Coppel.jpg","jetpack_sharing_enabled":true,"_links":{"self":[{"href":"https:\/\/zonaroja.com.mx\/index.php?rest_route=\/wp\/v2\/posts\/31878","targetHints":{"allow":["GET"]}}],"collection":[{"href":"https:\/\/zonaroja.com.mx\/index.php?rest_route=\/wp\/v2\/posts"}],"about":[{"href":"https:\/\/zonaroja.com.mx\/index.php?rest_route=\/wp\/v2\/types\/post"}],"author":[{"embeddable":true,"href":"https:\/\/zonaroja.com.mx\/index.php?rest_route=\/wp\/v2\/users\/2"}],"replies":[{"embeddable":true,"href":"https:\/\/zonaroja.com.mx\/index.php?rest_route=%2Fwp%2Fv2%2Fcomments&post=31878"}],"version-history":[{"count":1,"href":"https:\/\/zonaroja.com.mx\/index.php?rest_route=\/wp\/v2\/posts\/31878\/revisions"}],"predecessor-version":[{"id":31880,"href":"https:\/\/zonaroja.com.mx\/index.php?rest_route=\/wp\/v2\/posts\/31878\/revisions\/31880"}],"wp:featuredmedia":[{"embeddable":true,"href":"https:\/\/zonaroja.com.mx\/index.php?rest_route=\/wp\/v2\/media\/31879"}],"wp:attachment":[{"href":"https:\/\/zonaroja.com.mx\/index.php?rest_route=%2Fwp%2Fv2%2Fmedia&parent=31878"}],"wp:term":[{"taxonomy":"category","embeddable":true,"href":"https:\/\/zonaroja.com.mx\/index.php?rest_route=%2Fwp%2Fv2%2Fcategories&post=31878"},{"taxonomy":"post_tag","embeddable":true,"href":"https:\/\/zonaroja.com.mx\/index.php?rest_route=%2Fwp%2Fv2%2Ftags&post=31878"}],"curies":[{"name":"wp","href":"https:\/\/api.w.org\/{rel}","templated":true}]}}