{"id":31881,"date":"2021-09-10T16:10:59","date_gmt":"2021-09-10T21:10:59","guid":{"rendered":"http:\/\/www.zonaroja.com.mx\/?p=31881"},"modified":"2021-09-10T16:11:04","modified_gmt":"2021-09-10T21:11:04","slug":"suman-esfuerzos-uabjo-y-consorcio-contra-violencia-se-suma-diputada","status":"publish","type":"post","link":"https:\/\/zonaroja.com.mx\/?p=31881","title":{"rendered":"Suman esfuerzos UABJO y Consorcio contra violencia; se suma diputada"},"content":{"rendered":"\n<p>Redacci\u00f3n\/Zona Roja.<\/p>\n\n\n\n<p>Oaxaca de Ju\u00e1rez, Oax., a 10 de septiembre del 2021.- La UABJO y Consorcio Oaxaca, signaron un convenio de colaboraci\u00f3n acad\u00e9mica para la incorporaci\u00f3n de la perspectiva de g\u00e9nero y construcci\u00f3n de paz en los procesos de formaci\u00f3n que se impulsan conjuntamente.<\/p>\n\n\n\n<p>A esta iniciativa se sum\u00f3 la presidenta de la Comisi\u00f3n Permanente de Derechos Humanos de la 64 Legislatura del Congreso de Oaxaca, Magaly L\u00f3pez Dom\u00ednguez.<\/p>\n\n\n\n<p>El diplomado \u201cLa incorporaci\u00f3n de la perspectiva feminista en el litigio estrat\u00e9gico en casos de violencia feminicida\u201d, es impulsada por diversas organizaciones feministas nacionales y la Universidad Aut\u00f3noma \u201cBenito Ju\u00e1rez\u201d (UABJO), con el objetivo de dar herramientas pr\u00e1cticas que contribuyan a la exigencia y acceso de justicia.<\/p>\n\n\n\n<p>Durante la ceremonia de inauguraci\u00f3n en el Centro de Educaci\u00f3n Continua, Abierta y a Distancia (CECAD), Y\u00e9sica S\u00e1nchez Maya relat\u00f3 que en la organizaci\u00f3n que dirige, Consorcio Oaxaca, desde hace 11 a\u00f1os han trabajado en construir un enfoque de formaci\u00f3n que pudiese cambiar la mirada y la visi\u00f3n y al mismo tiempo aporte&nbsp; la defensa de derechos. As\u00ed comparti\u00f3 las iniciativas que han impulsado y expres\u00f3 el motivo del diplomado.<\/p>\n\n\n\n<p>\u201cDebido al contexto de violencia feminicida,&nbsp; las mujeres han buscado el acompa\u00f1amiento de profesionales del derecho, que en su gran mayor\u00eda reproducen pr\u00e1cticas machistas, por esto surge la necesidad formar abogadas y abogados para que logren llevar a la pr\u00e1ctica un litigio estrat\u00e9gico en donde las mujeres no se&nbsp; encuentren en desventaja y se les garantice el real acceso a la justicia\u201d, abon\u00f3 S\u00e1nchez Maya.<\/p>\n\n\n\n<p>En el marco de la inauguraci\u00f3n del diplomado,&nbsp; la organizaci\u00f3n Consorcio Oaxaca y la UABJO formalizaron su alianza a trav\u00e9s de la firma de un acuerdo de colaboraci\u00f3n, a cargo de la autoridad m\u00e1xima de esta casa de estudios, el doctor Eduardo Bautista Mart\u00ednez, qui\u00e9n ratific\u00f3 las coincidencias con la organizaci\u00f3n feminista y consider\u00f3 que el trabajo de incorporar la perspectiva de g\u00e9nero ha de ser colectiva.<\/p>\n\n\n\n<p>\u201cSe trata de sumar, construir y forjar alianzas porque la causa lo amerita, es colectiva. Las acciones que estamos emprendiendo en la Universidad tiene que tener transversal el enfoque de g\u00e9nero, derechos humanos y cultura de paz\u201d, expres\u00f3 el Rector.<\/p>\n\n\n\n<p>Testificaron la firma de colaboraci\u00f3n Edwin Nazaret Le\u00f3n Jim\u00e9nez, Leticia Brice\u00f1o Mass y la diputada Magaly L\u00f3pez Dom\u00ednguez.<\/p>\n\n\n\n<p>Tambi\u00e9n estuvieron como invitadas especiales Josefina Aranda Baezaury; Kristin Gebhart, coordinadora del Programa Servicio Civil para la Paz en M\u00e9xico, y Emilie de Wolf, cooperante del programa servicio civil para la paz en M\u00e9xico en Consorcio Oaxaca.<\/p>\n\n\n\n<p>Las organizaciones que convocan a este diplomado son Consorcio para el Di\u00e1logo Parlamentario y la Equidad Oaxaca, el Observatorio Ciudadano Nacional del Feminicidio; la Comisi\u00f3n de Derechos Humanos de la 64 Legislatura del Congreso del Estado de Oaxaca, el Comit\u00e9 de Am\u00e9rica Latina y el Caribe para la Defensa de los Derechos Humanos (CLADEM), SIWA Artesanas de Paz, y Academia Litigio Estrat\u00e9gico e incidencia en Derechos Humanos A.C. (ALEIDHAC).<\/p>\n","protected":false},"excerpt":{"rendered":"<p>Redacci\u00f3n\/Zona Roja. Oaxaca de Ju\u00e1rez, Oax., a 10 de septiembre del 2021.- La UABJO y&hellip;<\/p>\n","protected":false},"author":2,"featured_media":31882,"comment_status":"closed","ping_status":"open","sticky":false,"template":"","format":"standard","meta":{"_lmt_disableupdate":"","_lmt_disable":"","_jetpack_memberships_contains_paid_content":false,"footnotes":""},"categories":[109,46],"tags":[1093,360],"class_list":["post-31881","post","type-post","status-publish","format-standard","has-post-thumbnail","hentry","category-minuto-a-minuto","category-zona-blanca","tag-consorcio-para-el-dialogo-oaxaca","tag-rector-eduardo-bautista-martinez"],"jetpack_featured_media_url":"https:\/\/zonaroja.com.mx\/wp-content\/uploads\/2021\/09\/UABJO-y-Consorcio-convenio.jpg","jetpack_sharing_enabled":true,"_links":{"self":[{"href":"https:\/\/zonaroja.com.mx\/index.php?rest_route=\/wp\/v2\/posts\/31881","targetHints":{"allow":["GET"]}}],"collection":[{"href":"https:\/\/zonaroja.com.mx\/index.php?rest_route=\/wp\/v2\/posts"}],"about":[{"href":"https:\/\/zonaroja.com.mx\/index.php?rest_route=\/wp\/v2\/types\/post"}],"author":[{"embeddable":true,"href":"https:\/\/zonaroja.com.mx\/index.php?rest_route=\/wp\/v2\/users\/2"}],"replies":[{"embeddable":true,"href":"https:\/\/zonaroja.com.mx\/index.php?rest_route=%2Fwp%2Fv2%2Fcomments&post=31881"}],"version-history":[{"count":1,"href":"https:\/\/zonaroja.com.mx\/index.php?rest_route=\/wp\/v2\/posts\/31881\/revisions"}],"predecessor-version":[{"id":31883,"href":"https:\/\/zonaroja.com.mx\/index.php?rest_route=\/wp\/v2\/posts\/31881\/revisions\/31883"}],"wp:featuredmedia":[{"embeddable":true,"href":"https:\/\/zonaroja.com.mx\/index.php?rest_route=\/wp\/v2\/media\/31882"}],"wp:attachment":[{"href":"https:\/\/zonaroja.com.mx\/index.php?rest_route=%2Fwp%2Fv2%2Fmedia&parent=31881"}],"wp:term":[{"taxonomy":"category","embeddable":true,"href":"https:\/\/zonaroja.com.mx\/index.php?rest_route=%2Fwp%2Fv2%2Fcategories&post=31881"},{"taxonomy":"post_tag","embeddable":true,"href":"https:\/\/zonaroja.com.mx\/index.php?rest_route=%2Fwp%2Fv2%2Ftags&post=31881"}],"curies":[{"name":"wp","href":"https:\/\/api.w.org\/{rel}","templated":true}]}}