{"id":31884,"date":"2021-09-10T21:04:03","date_gmt":"2021-09-11T02:04:03","guid":{"rendered":"http:\/\/www.zonaroja.com.mx\/?p=31884"},"modified":"2021-09-10T21:04:06","modified_gmt":"2021-09-11T02:04:06","slug":"hallan-a-otra-mujer-muerta-en-oaxaca-ahora-en-la-costa","status":"publish","type":"post","link":"https:\/\/zonaroja.com.mx\/?p=31884","title":{"rendered":"Hallan a otra mujer muerta en Oaxaca, ahora en la Costa"},"content":{"rendered":"\n<p>Ismael Garc\u00eda M.\/Zona Roja.<\/p>\n\n\n\n<p>Oaxaca de Ju\u00e1rez, Oax., 10 de septiembre de 2021.- De los dos cad\u00e1veres localizados ayer en la regi\u00f3n de la Costa de Oaxaca, uno pertenece a una mujer, confirmaron fuentes de la Vicefiscal\u00eda Regional, dependiente de la Fiscal\u00eda General del Estado; ambos se hallaban desaparecidos desde el pasado fin de semana.<\/p>\n\n\n\n<p>El cuerpo de la femenina, presumiblemente con huellas de violencia, fue hallado en inmediaciones del municipio San Juan Cacahuatepec e identificado como Maribel R. H., de 18 a\u00f1os de edad.<\/p>\n\n\n\n<p>Desapareci\u00f3 desde el pasado domingo 5 de septiembre de su casa, en el municipio de Santa Mar\u00eda Zacatepec, de donde era originaria; fue hallada ayer en estado de descomposici\u00f3n.<\/p>\n\n\n\n<p>El otro cuerpo corresponde al de un joven que desapareci\u00f3 el s\u00e1bado 4 de septiembre de Pinotepa Nacional; fue localizado ayer en Puerto Minizo, del mismo municipio, e identificado como Alexis de Jes\u00fas Nicol\u00e1s P\u00e9rez, de 26 a\u00f1os de edad.<\/p>\n\n\n\n<p>Oficialmente, a\u00fan se desconocen las causas de la muerte de ambos j\u00f3venes.<\/p>\n\n\n\n<p>Por otra parte, este viernes, en Santiago Jamiltepec, tambi\u00e9n municipio coste\u00f1o, fue ejecutado un individuo identificado como Joel C. H., de aproximadamente 34 a\u00f1os de edad; presuntamente tiene varios antecedentes delictivos e incluso ya hab\u00eda sido arrestado, acusado de varios homicidios, pero sali\u00f3 en libertad posteriormente.<\/p>\n","protected":false},"excerpt":{"rendered":"<p>Ismael Garc\u00eda M.\/Zona Roja. Oaxaca de Ju\u00e1rez, Oax., 10 de septiembre de 2021.- De los&hellip;<\/p>\n","protected":false},"author":2,"featured_media":31885,"comment_status":"closed","ping_status":"open","sticky":false,"template":"","format":"standard","meta":{"_lmt_disableupdate":"","_lmt_disable":"","_jetpack_memberships_contains_paid_content":false,"footnotes":""},"categories":[109,51],"tags":[1268,651],"class_list":["post-31884","post","type-post","status-publish","format-standard","has-post-thumbnail","hentry","category-minuto-a-minuto","category-zona-roja","tag-san-juan-cacahuatepec","tag-santiago-pinotepa-nacional"],"jetpack_featured_media_url":"https:\/\/zonaroja.com.mx\/wp-content\/uploads\/2021\/09\/Ejecutado-Jamiltepec-19sept.jpg","jetpack_sharing_enabled":true,"_links":{"self":[{"href":"https:\/\/zonaroja.com.mx\/index.php?rest_route=\/wp\/v2\/posts\/31884","targetHints":{"allow":["GET"]}}],"collection":[{"href":"https:\/\/zonaroja.com.mx\/index.php?rest_route=\/wp\/v2\/posts"}],"about":[{"href":"https:\/\/zonaroja.com.mx\/index.php?rest_route=\/wp\/v2\/types\/post"}],"author":[{"embeddable":true,"href":"https:\/\/zonaroja.com.mx\/index.php?rest_route=\/wp\/v2\/users\/2"}],"replies":[{"embeddable":true,"href":"https:\/\/zonaroja.com.mx\/index.php?rest_route=%2Fwp%2Fv2%2Fcomments&post=31884"}],"version-history":[{"count":1,"href":"https:\/\/zonaroja.com.mx\/index.php?rest_route=\/wp\/v2\/posts\/31884\/revisions"}],"predecessor-version":[{"id":31886,"href":"https:\/\/zonaroja.com.mx\/index.php?rest_route=\/wp\/v2\/posts\/31884\/revisions\/31886"}],"wp:featuredmedia":[{"embeddable":true,"href":"https:\/\/zonaroja.com.mx\/index.php?rest_route=\/wp\/v2\/media\/31885"}],"wp:attachment":[{"href":"https:\/\/zonaroja.com.mx\/index.php?rest_route=%2Fwp%2Fv2%2Fmedia&parent=31884"}],"wp:term":[{"taxonomy":"category","embeddable":true,"href":"https:\/\/zonaroja.com.mx\/index.php?rest_route=%2Fwp%2Fv2%2Fcategories&post=31884"},{"taxonomy":"post_tag","embeddable":true,"href":"https:\/\/zonaroja.com.mx\/index.php?rest_route=%2Fwp%2Fv2%2Ftags&post=31884"}],"curies":[{"name":"wp","href":"https:\/\/api.w.org\/{rel}","templated":true}]}}