{"id":31888,"date":"2021-09-10T22:17:07","date_gmt":"2021-09-11T03:17:07","guid":{"rendered":"http:\/\/www.zonaroja.com.mx\/?p=31888"},"modified":"2021-09-10T22:17:11","modified_gmt":"2021-09-11T03:17:11","slug":"contradice-covid-a-semaforo-amarillo-en-oaxaca-412-contagiados-y-29-decesos","status":"publish","type":"post","link":"https:\/\/zonaroja.com.mx\/?p=31888","title":{"rendered":"Contradice Covid a sem\u00e1foro amarillo en Oaxaca: 412 contagiados y 29 decesos"},"content":{"rendered":"\n<p>Redacci\u00f3n\/Zona Roja.<\/p>\n\n\n\n<p>Oaxaca de Ju\u00e1rez, Oax., 10 de septiembre de 2021.- Al corte epidemiol\u00f3gico de este viernes, los Servicios de Salud de Oaxaca (SSO), informan que hay mil 765 casos activos de Covid-19 en 162 municipios, y 12 hospitales se encuentran al 100% de su capacidad.<\/p>\n\n\n\n<p>En este sentido, la dependencia destaca que este 10 de septiembre se suman 412 casos nuevos y 29 lamentables decesos, que hacen un total de 71 mil 569 casos acumulados y cuatro mil 827 defunciones, 64 mil 977 personas se han recuperado del virus; hay cinco mil 852 casos sospechosos.<\/p>\n\n\n\n<p>Los 412 casos nuevos, afectan a 87 municipios siendo el de Oaxaca de Ju\u00e1rez el que ocupa el primer lugar con 103, seguido de Juchit\u00e1n de Zaragoza con 24, Salina Cruz 22, Santa Cruz Xoxocotl\u00e1n 16, Ciudad Ixtepec 15, San Lorenzo Cacaotepec, Santa Luc\u00eda del Camino y Santa Mar\u00eda Huatulco 12 cada uno; Santa Mar\u00eda Atzompa 10, Santo Domingo Tehuantepec nueve, el resto de siete a un solo caso. Este d\u00eda se suma un caso en Asunci\u00f3n Tlacolulita.<\/p>\n\n\n\n<p>La Jurisdicci\u00f3n Sanitaria de Valles Centrales contabiliza 43 mil 515 casos confirmados y dos mil 169 defunciones, Istmo nueve mil 517 casos confirmados y mil 026 fallecimientos, Tuxtepec cuatro mil 988 casos confirmados y 461 muertes, Costa cinco mil 395 casos confirmados y 421 p\u00e9rdidas, Mixteca cinco mil 770 casos confirmados y 495 defunciones, Sierra dos mil 384 casos confirmados y 255 fallecimientos.<\/p>\n\n\n\n<p>Cabe destacar que seis mil 168 personal del sector salud que incluye a m\u00e9dicos, personal de enfermer\u00eda y otros, se han contagiado del virus SARS-CoV-2.<\/p>\n\n\n\n<figure class=\"wp-block-embed-twitter wp-block-embed is-type-rich is-provider-twitter\"><div class=\"wp-block-embed__wrapper\">\n<div class=\"twitter-tweet\"><blockquote class=\"twitter-tweet\" data-lang=\"es\"><p lang=\"es\" dir=\"ltr\"><a href=\"https:\/\/twitter.com\/hashtag\/%C3%9AltimoMinuto?src=hash&amp;ref_src=twsrc%5Etfw\">#\u00daltimoMinuto<\/a><br>Este viernes en Oaxaca, los Servicios de Salud reportaron 412 casos positivos a Covid, con lo que se acumulan 71 mil 569 casos confirmados.<br>Adem\u00e1s, x decesos, para un total de 4 mil 827 defunciones.<br>Hay 12 hospitales llenos; ocupaci\u00f3n hospitalaria al 60.4% <a href=\"https:\/\/t.co\/RqOLheONOU\">pic.twitter.com\/RqOLheONOU<\/a><\/p>&mdash; Zona Roja Oaxaca (@Zona_Roja_Oax) <a href=\"https:\/\/twitter.com\/Zona_Roja_Oax\/status\/1436508261142958080?ref_src=twsrc%5Etfw\">11 de septiembre de 2021<\/a><\/blockquote><\/div>\n<\/div><\/figure>\n\n\n\n<p>De las cuatro mil 827 defunciones acumuladas, tres mil 092 son hombres y mil 735 mujeres; los rangos de edad m\u00e1s afectados son los de 65 y m\u00e1s con dos mil 230, de 50 a 59 con mil 038, de 60 a 64 con 675 y de 25 a 44 a\u00f1os con 500; las comorbilidades asociadas son la hipertensi\u00f3n arterial, seguida de diabetes, obesidad e insuficiencia renal.<\/p>\n\n\n\n<p>En relaci\u00f3n a la ocupaci\u00f3n hospitalaria, destaca la Jurisdicci\u00f3n Sanitaria de Valles Centrales con 68.4%, seguida del Istmo 61.6%, Mixteca con 56.1%, Tuxtepec con el 50.8%, Costa 49% y Sierra 0%. Hay 12 hospitales al 100% de saturaci\u00f3n, de las 508 camas destinadas para pacientes con esta enfermedad, se encuentran disponibles 201.<\/p>\n\n\n\n<p>Para reducir el riesgo de contagio por COVID-19, el sector salud exhorta a las y los oaxaque\u00f1os a continuar con las medidas sanitarias, usar cubrebocas de forma correcta, aplicar la sana distancia y el lavado de manos con agua y jab\u00f3n o alcohol al 70%, \u00a1Por tu salud y la de los dem\u00e1s, no bajes la guardia!, la pandemia sigue activa.<\/p>\n\n\n\n<p>(Comunicado)<\/p>\n","protected":false},"excerpt":{"rendered":"<p>Redacci\u00f3n\/Zona Roja. Oaxaca de Ju\u00e1rez, Oax., 10 de septiembre de 2021.- Al corte epidemiol\u00f3gico de&hellip;<\/p>\n","protected":false},"author":2,"featured_media":31889,"comment_status":"closed","ping_status":"open","sticky":false,"template":"","format":"standard","meta":{"_lmt_disableupdate":"","_lmt_disable":"","_jetpack_memberships_contains_paid_content":false,"footnotes":""},"categories":[109,47],"tags":[1512],"class_list":["post-31888","post","type-post","status-publish","format-standard","has-post-thumbnail","hentry","category-minuto-a-minuto","category-zona-gris","tag-coronavirus-oaxaca"],"jetpack_featured_media_url":"https:\/\/zonaroja.com.mx\/wp-content\/uploads\/2021\/09\/GRAFICA-SSO-03.jpeg","jetpack_sharing_enabled":true,"_links":{"self":[{"href":"https:\/\/zonaroja.com.mx\/index.php?rest_route=\/wp\/v2\/posts\/31888","targetHints":{"allow":["GET"]}}],"collection":[{"href":"https:\/\/zonaroja.com.mx\/index.php?rest_route=\/wp\/v2\/posts"}],"about":[{"href":"https:\/\/zonaroja.com.mx\/index.php?rest_route=\/wp\/v2\/types\/post"}],"author":[{"embeddable":true,"href":"https:\/\/zonaroja.com.mx\/index.php?rest_route=\/wp\/v2\/users\/2"}],"replies":[{"embeddable":true,"href":"https:\/\/zonaroja.com.mx\/index.php?rest_route=%2Fwp%2Fv2%2Fcomments&post=31888"}],"version-history":[{"count":1,"href":"https:\/\/zonaroja.com.mx\/index.php?rest_route=\/wp\/v2\/posts\/31888\/revisions"}],"predecessor-version":[{"id":31890,"href":"https:\/\/zonaroja.com.mx\/index.php?rest_route=\/wp\/v2\/posts\/31888\/revisions\/31890"}],"wp:featuredmedia":[{"embeddable":true,"href":"https:\/\/zonaroja.com.mx\/index.php?rest_route=\/wp\/v2\/media\/31889"}],"wp:attachment":[{"href":"https:\/\/zonaroja.com.mx\/index.php?rest_route=%2Fwp%2Fv2%2Fmedia&parent=31888"}],"wp:term":[{"taxonomy":"category","embeddable":true,"href":"https:\/\/zonaroja.com.mx\/index.php?rest_route=%2Fwp%2Fv2%2Fcategories&post=31888"},{"taxonomy":"post_tag","embeddable":true,"href":"https:\/\/zonaroja.com.mx\/index.php?rest_route=%2Fwp%2Fv2%2Ftags&post=31888"}],"curies":[{"name":"wp","href":"https:\/\/api.w.org\/{rel}","templated":true}]}}