{"id":31891,"date":"2021-09-10T22:25:15","date_gmt":"2021-09-11T03:25:15","guid":{"rendered":"http:\/\/www.zonaroja.com.mx\/?p=31891"},"modified":"2021-09-10T22:25:18","modified_gmt":"2021-09-11T03:25:18","slug":"durante-la-pandemia-oaxaca-registra-236-suicidios","status":"publish","type":"post","link":"https:\/\/zonaroja.com.mx\/?p=31891","title":{"rendered":"Durante la pandemia, Oaxaca registra 236 suicidios"},"content":{"rendered":"\n<p>Redacci\u00f3n\/Zona Roja.<\/p>\n\n\n\n<p>Oaxaca de Ju\u00e1rez, Oax., 10 de septiembre de 2021.- Durante el 2020 y en lo que va del 2021, en su mayor\u00eda lapso de la pandemia por Covid-19, Oaxaca ha registrado 236 suicidios, en sum mayor\u00eda de varones.<\/p>\n\n\n\n<p>En el marco del D\u00eda Mundial de la Prevenci\u00f3n del Suicidio, la dependencia gubernamental Servicios de Salud de Oaxaca (SSO) inform\u00f3 que el a\u00f1o pasado, de acuerdo con el Sistema Epidemiol\u00f3gico y Estad\u00edstico de las Defunciones (SEED) de la Direcci\u00f3n de Planeaci\u00f3n, un total de 194 suicidios, de los cuales 165 fueron de hombres y 29 de mujeres.<\/p>\n\n\n\n<p>En tanto, en lo que va del 2021, se tiene un conteo preliminar de 42 defunciones por esta causa, de los cuales 33 son hombres y nueve mujeres, detall\u00f3 a trav\u00e9s de un comunicado.<\/p>\n\n\n\n<p>Expuso que seg\u00fan valores de la Organizaci\u00f3n Mundial de la Salud (OMS) alrededor de 700 mil personas se suicidan cada a\u00f1o en el mundo y muchas m\u00e1s, intentan hacerlo.<\/p>\n\n\n\n<p>Este a\u00f1o, el D\u00eda Mundial de la Prevenci\u00f3n lleva el lema \u201cCrear esperanza a trav\u00e9s de la acci\u00f3n\u201d, con el fin de generar conciencia sobre esta tragedia que afecta a familias y comunidades; asimismo, fortalecer las redes de apoyo, para prevenir este problema de salud p\u00fablica a nivel local, nacional y mundial.<\/p>\n\n\n\n<p>Mencion\u00f3 que los grupos de riesgo son las y los j\u00f3venes de 15 a 29 a\u00f1os de edad, as\u00ed como, las personas adultas mayores.<\/p>\n\n\n\n<p>Algunos de los factores de riesgo que motivan a que alguien decida cometer tal acci\u00f3n, es el acceso a medios electr\u00f3nicos sin regulaci\u00f3n, el bullying, consumo de drogas, enfermedades cr\u00f3nico-degenerativas, p\u00e9rdida de empleo, enfermedad mental, depresi\u00f3n y estr\u00e9s, \u00e9stas \u00faltimas, derivadas de la pandemia por Covid-19.<\/p>\n\n\n\n<p>De ah\u00ed la importancia de sumar esfuerzos para crear esperanzas de vida y comunicaci\u00f3n desde las familias, hasta estrategias multisectoriales por parte de las instituciones encargadas de la prevenci\u00f3n, mediante intervenciones oportunas, a fin de reducir esta incidencia.<\/p>\n\n\n\n<p>Explic\u00f3 que durante este a\u00f1o, los SSO han llevado a cabo cursos de capacitaci\u00f3n dirigido al personal de Salud de las ramas m\u00e9dica, enfermer\u00eda y psicolog\u00eda para atender esta problem\u00e1tica que se vive actualmente, a\u00fan m\u00e1s, por la actual emergencia sanitaria de Covid-19, as\u00ed como, acciones de tamizaje mediante un cuestionario que se aplica en las Unidades de Primer Nivel de Atenci\u00f3n, cuyo diagn\u00f3stico permita actuar en caso de alg\u00fan pensamiento suicida.<\/p>\n\n\n\n<p>Indic\u00f3 que dentro de las se\u00f1ales de alarma que no deben pasar inadvertidas por parte de los familiares o allegados son \u201cesto ya va a cambiar, ya voy a dejar de tener problemas, ya no voy a estar aqu\u00ed con ustedes, se empiezan a despedir de sus seres queridos.<\/p>\n\n\n\n<p>Lo anterior, es una llamada de auxilio para que los padres y madres de familia, amigas o amigos, escuchen y pongan atenci\u00f3n, ya que esta persona podr\u00eda quitarse la vida\u201d, expres\u00f3.<\/p>\n\n\n\n<p>Existe una l\u00ednea telef\u00f3nica: 800 911 2000 del Centro de Atenci\u00f3n Ciudadana \u201cLa l\u00ednea de la vida\u201d, de la Estrategia Nacional para la Prevenci\u00f3n de las Adicciones, en la opci\u00f3n dos, la cual es confidencial y funciona las 24 horas, los 365 d\u00edas del a\u00f1o.<\/p>\n","protected":false},"excerpt":{"rendered":"<p>Redacci\u00f3n\/Zona Roja. Oaxaca de Ju\u00e1rez, Oax., 10 de septiembre de 2021.- Durante el 2020 y&hellip;<\/p>\n","protected":false},"author":2,"featured_media":31892,"comment_status":"closed","ping_status":"open","sticky":false,"template":"","format":"standard","meta":{"_lmt_disableupdate":"","_lmt_disable":"","_jetpack_memberships_contains_paid_content":false,"footnotes":""},"categories":[109,47],"tags":[1005],"class_list":["post-31891","post","type-post","status-publish","format-standard","has-post-thumbnail","hentry","category-minuto-a-minuto","category-zona-gris","tag-servicios-de-salud-de-oaxaca-sso"],"jetpack_featured_media_url":"https:\/\/zonaroja.com.mx\/wp-content\/uploads\/2021\/09\/01-SSO.jpg","jetpack_sharing_enabled":true,"_links":{"self":[{"href":"https:\/\/zonaroja.com.mx\/index.php?rest_route=\/wp\/v2\/posts\/31891","targetHints":{"allow":["GET"]}}],"collection":[{"href":"https:\/\/zonaroja.com.mx\/index.php?rest_route=\/wp\/v2\/posts"}],"about":[{"href":"https:\/\/zonaroja.com.mx\/index.php?rest_route=\/wp\/v2\/types\/post"}],"author":[{"embeddable":true,"href":"https:\/\/zonaroja.com.mx\/index.php?rest_route=\/wp\/v2\/users\/2"}],"replies":[{"embeddable":true,"href":"https:\/\/zonaroja.com.mx\/index.php?rest_route=%2Fwp%2Fv2%2Fcomments&post=31891"}],"version-history":[{"count":1,"href":"https:\/\/zonaroja.com.mx\/index.php?rest_route=\/wp\/v2\/posts\/31891\/revisions"}],"predecessor-version":[{"id":31893,"href":"https:\/\/zonaroja.com.mx\/index.php?rest_route=\/wp\/v2\/posts\/31891\/revisions\/31893"}],"wp:featuredmedia":[{"embeddable":true,"href":"https:\/\/zonaroja.com.mx\/index.php?rest_route=\/wp\/v2\/media\/31892"}],"wp:attachment":[{"href":"https:\/\/zonaroja.com.mx\/index.php?rest_route=%2Fwp%2Fv2%2Fmedia&parent=31891"}],"wp:term":[{"taxonomy":"category","embeddable":true,"href":"https:\/\/zonaroja.com.mx\/index.php?rest_route=%2Fwp%2Fv2%2Fcategories&post=31891"},{"taxonomy":"post_tag","embeddable":true,"href":"https:\/\/zonaroja.com.mx\/index.php?rest_route=%2Fwp%2Fv2%2Ftags&post=31891"}],"curies":[{"name":"wp","href":"https:\/\/api.w.org\/{rel}","templated":true}]}}