{"id":3190,"date":"2019-08-19T07:00:56","date_gmt":"2019-08-19T12:00:56","guid":{"rendered":"http:\/\/www.zonaroja.com.mx\/?p=3190"},"modified":"2019-08-19T07:00:58","modified_gmt":"2019-08-19T12:00:58","slug":"desestima-fiscalia-feminicidio-de-joven-y-asesinato-de-locutor","status":"publish","type":"post","link":"https:\/\/zonaroja.com.mx\/?p=3190","title":{"rendered":"Desestima Fiscal\u00eda feminicidio de joven y asesinato de locutor"},"content":{"rendered":"\n<p>Redacci\u00f3n\/Zona Roja.<\/p>\n\n\n\n<p>Oaxaca de Ju\u00e1rez, Oax., 19 de agosto de\n2019.- La Fiscal\u00eda General del Estado de Oaxaca desestim\u00f3 que haya sido\nfeminicidio u homicidio el caso de la joven Mar\u00eda Eugenia G. G. hallada ayer\nmuerta en Puerto Escondido, cuyo cuerpo se hall\u00f3 desnudo y presuntamente con\nhuellas de tortura y violencia sexual.<\/p>\n\n\n\n<p>\u201cDe acuerdo con la carpeta de\ninvestigaci\u00f3n 28300\/FCOST\/PUERTO\/2019, la ma\u00f1ana de este 18 de agosto, se\nreport\u00f3 el hallazgo de un cuerpo de quien en vida respond\u00eda al nombre de M. E.\nG. G., sobre un camino de terracer\u00eda que conduce a la playa Punta Colorada, en\nla ciudad de Puerto Escondido.<\/p>\n\n\n\n<p>\u201cAl lugar de los hechos se traslad\u00f3\npersonal de la Fiscal\u00eda General, a trav\u00e9s de la Agencia Estatal de\nInvestigaciones, as\u00ed como Peritos y Agentes del Ministerio P\u00fablico, quienes\nordenaron el levantamiento del cad\u00e1ver para iniciar con las diligencias\nconforme lo marca la ley.<\/p>\n\n\n\n<p>Como resultado de los estudios llevados\na cabo por personal del Instituto de Servicios Periciales, la necropsia\ndetermin\u00f3 que la causa de muerte de la joven mujer fue asfixia por\nbroncoaspiraci\u00f3n de contenido g\u00e1strico. Su cuerpo no present\u00f3 lesiones externas\u201d,\ninform\u00f3 en un comunicado.<\/p>\n\n\n\n<p>Detall\u00f3 que \u201cde acuerdo con reportes\npoliciales y testimonios de amigos y familiares de la v\u00edctima, se inform\u00f3 que\nun d\u00eda antes (17 de agosto), la v\u00edctima M. E. G. G., sostuvo contacto v\u00eda\ntelef\u00f3nica con un familiar\u201d.<\/p>\n\n\n\n<p>TAMBI\u00c9N LOCUTOR<\/p>\n\n\n\n<p>Con respecto al presunto asesinato del\nlocutor, la Fiscal\u00eda inform\u00f3 que la muerte de un comunicador identificado como\nA. J. R. J. (Arturo Jorge Ram\u00edrez), ocurrido en la poblaci\u00f3n de Yucu\u00f1uti de\nBenito Ju\u00e1rez, municipio de Tezoatl\u00e1n de Segura y Luna, en la regi\u00f3n de la\nMixteca, \u201cno se trat\u00f3 de un homicidio culposo o doloso, sino de una muerte\npatol\u00f3gica.<\/p>\n\n\n\n<p>\u201cDe acuerdo con el reporte, el pasado\n15 de Agosto del 2019, el S\u00edndico Municipal de Tezoatlan de Segura y Luna de\nHuajuapan de Le\u00f3n, report\u00f3 la existencia de un cad\u00e1ver&nbsp; en la poblaci\u00f3n de Yucu\u00f1uti de Benito Ju\u00e1rez,\npor lo que Agentes Estatales de Investigaci\u00f3n se trasladaron a la poblaci\u00f3n,\npara realizar las diligencias correspondientes.<\/p>\n\n\n\n<p>\u201cEn el lugar yac\u00eda una persona del sexo\nmasculino, quien en vida respondi\u00f3 al nombre de A. J. R. J., El ahora occiso,\ntras acudir a la fiesta de la poblaci\u00f3n, se dirig\u00eda a su domicilio y por la\ncondici\u00f3n en la que se encontraba probablemente cay\u00f3 de su propia altura\u201d,\nexpuso.<\/p>\n\n\n\n<p>A\u00f1adi\u00f3 que posterior a la necropsia de\nley, el perito m\u00e9dico determin\u00f3 que la causa de la muerte se debi\u00f3 a un evento\nvascular cerebral hemorr\u00e1gico (muerte patol\u00f3gica).<\/p>\n","protected":false},"excerpt":{"rendered":"<p>Redacci\u00f3n\/Zona Roja. Oaxaca de Ju\u00e1rez, Oax., 19 de agosto de 2019.- La Fiscal\u00eda General del&hellip;<\/p>\n","protected":false},"author":2,"featured_media":3191,"comment_status":"closed","ping_status":"open","sticky":false,"template":"","format":"standard","meta":{"_lmt_disableupdate":"","_lmt_disable":"","_jetpack_memberships_contains_paid_content":false,"footnotes":""},"categories":[109,51],"tags":[573,574],"class_list":["post-3190","post","type-post","status-publish","format-standard","has-post-thumbnail","hentry","category-minuto-a-minuto","category-zona-roja","tag-feminicidio-puerto-escondido","tag-locutor-comunitario-mixteca"],"jetpack_featured_media_url":"https:\/\/zonaroja.com.mx\/wp-content\/uploads\/2019\/08\/4b5e304c-c8c9-4ccf-a564-9a1dc0b60749.jpg","jetpack_sharing_enabled":true,"_links":{"self":[{"href":"https:\/\/zonaroja.com.mx\/index.php?rest_route=\/wp\/v2\/posts\/3190","targetHints":{"allow":["GET"]}}],"collection":[{"href":"https:\/\/zonaroja.com.mx\/index.php?rest_route=\/wp\/v2\/posts"}],"about":[{"href":"https:\/\/zonaroja.com.mx\/index.php?rest_route=\/wp\/v2\/types\/post"}],"author":[{"embeddable":true,"href":"https:\/\/zonaroja.com.mx\/index.php?rest_route=\/wp\/v2\/users\/2"}],"replies":[{"embeddable":true,"href":"https:\/\/zonaroja.com.mx\/index.php?rest_route=%2Fwp%2Fv2%2Fcomments&post=3190"}],"version-history":[{"count":1,"href":"https:\/\/zonaroja.com.mx\/index.php?rest_route=\/wp\/v2\/posts\/3190\/revisions"}],"predecessor-version":[{"id":3192,"href":"https:\/\/zonaroja.com.mx\/index.php?rest_route=\/wp\/v2\/posts\/3190\/revisions\/3192"}],"wp:featuredmedia":[{"embeddable":true,"href":"https:\/\/zonaroja.com.mx\/index.php?rest_route=\/wp\/v2\/media\/3191"}],"wp:attachment":[{"href":"https:\/\/zonaroja.com.mx\/index.php?rest_route=%2Fwp%2Fv2%2Fmedia&parent=3190"}],"wp:term":[{"taxonomy":"category","embeddable":true,"href":"https:\/\/zonaroja.com.mx\/index.php?rest_route=%2Fwp%2Fv2%2Fcategories&post=3190"},{"taxonomy":"post_tag","embeddable":true,"href":"https:\/\/zonaroja.com.mx\/index.php?rest_route=%2Fwp%2Fv2%2Ftags&post=3190"}],"curies":[{"name":"wp","href":"https:\/\/api.w.org\/{rel}","templated":true}]}}