{"id":31911,"date":"2021-09-11T12:48:00","date_gmt":"2021-09-11T17:48:00","guid":{"rendered":"http:\/\/www.zonaroja.com.mx\/?p=31911"},"modified":"2021-09-11T12:48:04","modified_gmt":"2021-09-11T17:48:04","slug":"estados-unidos-y-el-mundo-20-anos-despues-del-11-s","status":"publish","type":"post","link":"https:\/\/zonaroja.com.mx\/?p=31911","title":{"rendered":"Estados Unidos y el mundo 20 a\u00f1os despu\u00e9s del 11-S"},"content":{"rendered":"\n<p>Redacci\u00f3n\/Zona Roja Cdmx.<\/p>\n\n\n\n<p>Ciudad de M\u00e9xico, 11 de septiembre de 2021.- Han pasado 20 a\u00f1os desde los atentados contra las Torres Gemelas y el Pent\u00e1gono.<\/p>\n\n\n\n<p>Algunas de las preguntas principales de analistas y observadores en estos d\u00edas son de qu\u00e9 manera ha cambiado el sistema internacional en las \u00faltimas dos d\u00e9cadas y c\u00f3mo se ha visto afectada la pol\u00edtica exterior de Estados Unidos.<\/p>\n\n\n\n<p>Aunque los intereses nacionales de un pa\u00eds no suelen variar en tan solo dos d\u00e9cadas, es indudable que algo ha cambiado en el comportamiento internacional de Estados Unidos. Las razones han de encontrarse, sobre todo, en una serie de sucesos que han tenido lugar en el sistema internacional.<\/p>\n\n\n\n<p>En una \u00e9poca de relativo \u00e9xito de las opciones populistas, es bastante natural relacionar el comportamiento de Estados Unidos con su situaci\u00f3n pol\u00edtica interna. Muchos an\u00e1lisis cient\u00edficos y period\u00edsticos han descrito en detalle la presunta regresi\u00f3n democr\u00e1tica que estar\u00eda caracterizando la pol\u00edtica nacional estadounidense.<\/p>\n\n\n\n<p>Para explicar la actitud aislacionista y nacionalista de Estados Unidos en los \u00faltimos a\u00f1os se suele mencionar la prevalencia de la pol\u00edtica identitaria, el abuso de las cuestiones divisivas y polarizadoras (wedge issues), el uso desproporcionado de la propaganda (y de las falsedades) en las redes sociales, el ascenso de l\u00edderes autoritarios y demag\u00f3gicos, el choque entre extremistas y defensores del statu quo y la consecuente incapacidad de los dos mayores partidos, republicanos y dem\u00f3cratas, para consensuar reformas sensatas frente a problemas de inter\u00e9s nacional.<\/p>\n\n\n\n<p>Sin embargo, hay una tendencia a exagerar el impacto de tales factores nacionales y no siempre se han tenido en debida cuenta los factores internacionales, menos atractivos desde el punto de vista medi\u00e1tico, pero de gran influencia a la hora de determinar la posici\u00f3n internacional de un pa\u00eds.<\/p>\n\n\n\n<p>Los atentados del 11 de septiembre no hicieron m\u00e1s que acelerar el impacto de algunas de las grandes transformaciones internacionales que comenzaron con el fin de la Guerra Fr\u00eda.<\/p>\n\n\n\n<p>En primer lugar, la desaparici\u00f3n de la Uni\u00f3n Sovi\u00e9tica fue ciertamente una buena noticia desde el punto de vista del avance de los valores democr\u00e1ticos. Sin embargo, para los pa\u00edses de la OTAN supuso la desaparici\u00f3n de una amenaza clara y f\u00e1cilmente identificable que hab\u00eda permitido la definici\u00f3n de objetivos comunes.<\/p>\n\n\n\n<p>Hoy en d\u00eda, las amenazas son m\u00e1s difusas, m\u00e1s dif\u00edciles de identificar en un estado o un territorio concreto. Su impacto puede variar mucho, lo cual cambia su manera de ser percibidas y el tipo de alarma que provocan.<\/p>\n\n\n\n<p>El ejemplo m\u00e1s evidente se dio con la intervenci\u00f3n estadounidense en Irak en 2003, que reflejaba la existencia de enfoques diferentes entre europeos y estadounidenses sobre c\u00f3mo combatir el terrorismo. Frente a este tipo de amenazas, es m\u00e1s dif\u00edcil llegar a acuerdos, incluso entre aliados.<\/p>\n\n\n\n<p>En segundo lugar, el fin de la Guerra Fr\u00eda intensific\u00f3 un proceso de globalizaci\u00f3n que, despu\u00e9s de una primera fase, en los a\u00f1os noventa, de grandes promesas de bienestar para todos, empez\u00f3 a mostrar su cara menos agradable.<\/p>\n\n\n\n<p>La libre circulaci\u00f3n de bienes, personas y capitales no significaba solo oportunidades, sino tambi\u00e9n riesgos, por ejemplo, unas nuevas desigualdades, evidentes con la crisis de 2008, o unos nuevos desaf\u00edos en materia de acogida e integraci\u00f3n de personas, evidentes con las frecuentes crisis migratorias.<\/p>\n\n\n\n<p>M\u00e1s informaci\u00f3n de \u201cEl Financiero\u201d, aqu\u00ed:<\/p>\n\n\n\n<figure class=\"wp-block-embed\"><div class=\"wp-block-embed__wrapper\">\nhttps:\/\/www.elfinanciero.com.mx\/mundo\/2021\/09\/10\/eu-y-el-mundo-20-anos-despues-del-11-s\/\n<\/div><\/figure>\n","protected":false},"excerpt":{"rendered":"<p>Redacci\u00f3n\/Zona Roja Cdmx. Ciudad de M\u00e9xico, 11 de septiembre de 2021.- Han pasado 20 a\u00f1os&hellip;<\/p>\n","protected":false},"author":2,"featured_media":31912,"comment_status":"closed","ping_status":"open","sticky":false,"template":"","format":"standard","meta":{"_lmt_disableupdate":"","_lmt_disable":"","_jetpack_memberships_contains_paid_content":false,"footnotes":""},"categories":[109,47],"tags":[],"class_list":["post-31911","post","type-post","status-publish","format-standard","has-post-thumbnail","hentry","category-minuto-a-minuto","category-zona-gris"],"jetpack_featured_media_url":"https:\/\/zonaroja.com.mx\/wp-content\/uploads\/2021\/09\/11S-Estados-Unidos.jpg","jetpack_sharing_enabled":true,"_links":{"self":[{"href":"https:\/\/zonaroja.com.mx\/index.php?rest_route=\/wp\/v2\/posts\/31911","targetHints":{"allow":["GET"]}}],"collection":[{"href":"https:\/\/zonaroja.com.mx\/index.php?rest_route=\/wp\/v2\/posts"}],"about":[{"href":"https:\/\/zonaroja.com.mx\/index.php?rest_route=\/wp\/v2\/types\/post"}],"author":[{"embeddable":true,"href":"https:\/\/zonaroja.com.mx\/index.php?rest_route=\/wp\/v2\/users\/2"}],"replies":[{"embeddable":true,"href":"https:\/\/zonaroja.com.mx\/index.php?rest_route=%2Fwp%2Fv2%2Fcomments&post=31911"}],"version-history":[{"count":1,"href":"https:\/\/zonaroja.com.mx\/index.php?rest_route=\/wp\/v2\/posts\/31911\/revisions"}],"predecessor-version":[{"id":31913,"href":"https:\/\/zonaroja.com.mx\/index.php?rest_route=\/wp\/v2\/posts\/31911\/revisions\/31913"}],"wp:featuredmedia":[{"embeddable":true,"href":"https:\/\/zonaroja.com.mx\/index.php?rest_route=\/wp\/v2\/media\/31912"}],"wp:attachment":[{"href":"https:\/\/zonaroja.com.mx\/index.php?rest_route=%2Fwp%2Fv2%2Fmedia&parent=31911"}],"wp:term":[{"taxonomy":"category","embeddable":true,"href":"https:\/\/zonaroja.com.mx\/index.php?rest_route=%2Fwp%2Fv2%2Fcategories&post=31911"},{"taxonomy":"post_tag","embeddable":true,"href":"https:\/\/zonaroja.com.mx\/index.php?rest_route=%2Fwp%2Fv2%2Ftags&post=31911"}],"curies":[{"name":"wp","href":"https:\/\/api.w.org\/{rel}","templated":true}]}}