{"id":31924,"date":"2021-09-12T09:00:00","date_gmt":"2021-09-12T14:00:00","guid":{"rendered":"http:\/\/www.zonaroja.com.mx\/?p=31924"},"modified":"2021-09-11T21:40:25","modified_gmt":"2021-09-12T02:40:25","slug":"hay-cinco-menores-de-edad-desaparecidas-en-primera-semana-de-septiembre","status":"publish","type":"post","link":"https:\/\/zonaroja.com.mx\/?p=31924","title":{"rendered":"Hay cinco menores de edad desaparecidas en primera semana de septiembre"},"content":{"rendered":"\n<p>Evlin Arag\u00f3n\/Zona Roja.<\/p>\n\n\n\n<p>Oaxaca de Ju\u00e1rez, Oax., 12 de septiembre de 2021.- Alejandra Charbel Rubio Cruz, de 13 a\u00f1os de edad, es la m\u00e1s reciente menor de edad reportada como desaparecida en la entidad oaxaque\u00f1a, donde se hacen cada vez m\u00e1s comunes las fichas de b\u00fasqueda de ni\u00f1as y j\u00f3venes.&nbsp;<\/p>\n\n\n\n<p>De acuerdo con la denuncia de sus familiares, Alejandra fue vista por \u00faltima vez este viernes 10 de septiembre en el municipio de Huajuapan de Le\u00f3n, como se\u00f1as particulares tiene una cicatriz en la boca y nariz, lunar entre la clav\u00edcula y el hombro derecho, adem\u00e1s de una mancha en el rostro.&nbsp;<\/p>\n\n\n\n<p>Un d\u00eda antes, familiares de Samantha Sujey L\u00f3pez Ramos alertaron sobre la desaparici\u00f3n de la joven de 17 a\u00f1os de edad, de quien se perdi\u00f3 el rastro en San Francisco Telixtlahuaca, Etla.<\/p>\n\n\n\n<p>Al momento de su desaparici\u00f3n, la joven vest\u00eda pantal\u00f3n de mezclilla, playera, sudadera y tenis; adem\u00e1s de llevar el cabello suelto como usualmente lo hac\u00eda.&nbsp;<\/p>\n\n\n\n<p>El mismo 9 de septiembre se report\u00f3 la no localizaci\u00f3n de D\u00e1nae Torres Aguirre, de 15 a\u00f1os de edad, quien fue vista por \u00faltima vez en San Pedro Mixtepec, Juquila, a quien versiones ciudadanas aseguran que fue localizada, sin embargo, la ficha de b\u00fasqueda sigue activa.&nbsp;<\/p>\n\n\n\n<p>Mientras que el 5 de septiembre se alert\u00f3 sobre la desaparici\u00f3n de Maribel Ruiz Hern\u00e1ndez, de 18 a\u00f1os de edad, cuyo rastro se perdi\u00f3 en la localidad de Santa Mar\u00eda Zacatepec, perteneciente a Putla Villa de Guerrero. Fue hallada muerta el pasado jueves.<\/p>\n\n\n\n<figure class=\"wp-block-image size-large\"><img decoding=\"async\" width=\"1024\" height=\"465\" src=\"http:\/\/www.zonaroja.com.mx\/wp-content\/uploads\/2021\/09\/Desaparecidas-Oaxaca-2-1024x465.jpg\" alt=\"\" class=\"wp-image-31926\" srcset=\"https:\/\/zonaroja.com.mx\/wp-content\/uploads\/2021\/09\/Desaparecidas-Oaxaca-2-1024x465.jpg 1024w, https:\/\/zonaroja.com.mx\/wp-content\/uploads\/2021\/09\/Desaparecidas-Oaxaca-2-300x136.jpg 300w, https:\/\/zonaroja.com.mx\/wp-content\/uploads\/2021\/09\/Desaparecidas-Oaxaca-2-768x349.jpg 768w, https:\/\/zonaroja.com.mx\/wp-content\/uploads\/2021\/09\/Desaparecidas-Oaxaca-2-1170x531.jpg 1170w, https:\/\/zonaroja.com.mx\/wp-content\/uploads\/2021\/09\/Desaparecidas-Oaxaca-2-585x266.jpg 585w, https:\/\/zonaroja.com.mx\/wp-content\/uploads\/2021\/09\/Desaparecidas-Oaxaca-2.jpg 1280w\" sizes=\"(max-width: 1024px) 100vw, 1024px\" \/><\/figure>\n\n\n\n<p>Trascendi\u00f3 tambi\u00e9n la desaparici\u00f3n de Abigail Cruz Moreno, de 25 a\u00f1os de edad, quien iba en compa\u00f1\u00eda de sus peque\u00f1as hijas Kimberlyn y Katerine ambas de apellidos Medina Cruz de cinco y cuatro a\u00f1os de edad, respectivamente, y por quienes fue emitida la Alerta Amber ya que se considera que su integridad est\u00e1 en riesgo y pueden ser v\u00edctimas de la comisi\u00f3n de un delito.&nbsp;<\/p>\n\n\n\n<p>La ficha de b\u00fasqueda, que previamente activ\u00f3 la Alerta Rosa, refiere que las tres fueron vistas por \u00faltima vez en el centro de San Juan Bautista Tuxtepec, el pasado 4 de septiembre, sin que hasta el momento se tenga noticia alguna de su paradero.&nbsp;<\/p>\n\n\n\n<p>A la lista se suman los varones Alexis de Jes\u00fas Nicolas L\u00f3pez, de 26 a\u00f1os de edad; Jorge Aldhair Morales Palacio, de 27 a\u00f1os; Edgar Jim\u00e9nez L\u00f3pez, de 46; Edgar Adri\u00e1n Jim\u00e9nez Ger\u00f3nimo, de 18; Irvin Guti\u00e9rrez Su\u00e1rez, de 23; Miguel Arango Luis, de 33; Jos\u00e9 Luis Contreras P\u00e9rez, de 52; y Sixto Ju\u00e1rez Morales, de 59.<\/p>\n\n\n\n<p>De acuerdo con sus fichas de b\u00fasqueda fueron visto por \u00faltima vez durante los primeros d\u00edas de septiembre en las localidades de Pinotepa Nacional, Jalapa de D\u00edaz, Chauites, San Agust\u00edn de las Juntas, San Juan Bautista Tuxtepec, y la Villa de Zaachila, respectivamente.&nbsp;<\/p>\n","protected":false},"excerpt":{"rendered":"<p>Evlin Arag\u00f3n\/Zona Roja. Oaxaca de Ju\u00e1rez, Oax., 12 de septiembre de 2021.- Alejandra Charbel Rubio&hellip;<\/p>\n","protected":false},"author":2,"featured_media":31925,"comment_status":"closed","ping_status":"open","sticky":false,"template":"","format":"standard","meta":{"_lmt_disableupdate":"","_lmt_disable":"","_jetpack_memberships_contains_paid_content":false,"footnotes":""},"categories":[109,47],"tags":[455],"class_list":["post-31924","post","type-post","status-publish","format-standard","has-post-thumbnail","hentry","category-minuto-a-minuto","category-zona-gris","tag-mujeres-desaparecidas-oaxaca"],"jetpack_featured_media_url":"https:\/\/zonaroja.com.mx\/wp-content\/uploads\/2021\/09\/Desaparecidas-Oaxaca-1.jpg","jetpack_sharing_enabled":true,"_links":{"self":[{"href":"https:\/\/zonaroja.com.mx\/index.php?rest_route=\/wp\/v2\/posts\/31924","targetHints":{"allow":["GET"]}}],"collection":[{"href":"https:\/\/zonaroja.com.mx\/index.php?rest_route=\/wp\/v2\/posts"}],"about":[{"href":"https:\/\/zonaroja.com.mx\/index.php?rest_route=\/wp\/v2\/types\/post"}],"author":[{"embeddable":true,"href":"https:\/\/zonaroja.com.mx\/index.php?rest_route=\/wp\/v2\/users\/2"}],"replies":[{"embeddable":true,"href":"https:\/\/zonaroja.com.mx\/index.php?rest_route=%2Fwp%2Fv2%2Fcomments&post=31924"}],"version-history":[{"count":1,"href":"https:\/\/zonaroja.com.mx\/index.php?rest_route=\/wp\/v2\/posts\/31924\/revisions"}],"predecessor-version":[{"id":31927,"href":"https:\/\/zonaroja.com.mx\/index.php?rest_route=\/wp\/v2\/posts\/31924\/revisions\/31927"}],"wp:featuredmedia":[{"embeddable":true,"href":"https:\/\/zonaroja.com.mx\/index.php?rest_route=\/wp\/v2\/media\/31925"}],"wp:attachment":[{"href":"https:\/\/zonaroja.com.mx\/index.php?rest_route=%2Fwp%2Fv2%2Fmedia&parent=31924"}],"wp:term":[{"taxonomy":"category","embeddable":true,"href":"https:\/\/zonaroja.com.mx\/index.php?rest_route=%2Fwp%2Fv2%2Fcategories&post=31924"},{"taxonomy":"post_tag","embeddable":true,"href":"https:\/\/zonaroja.com.mx\/index.php?rest_route=%2Fwp%2Fv2%2Ftags&post=31924"}],"curies":[{"name":"wp","href":"https:\/\/api.w.org\/{rel}","templated":true}]}}