{"id":31928,"date":"2021-09-12T11:00:37","date_gmt":"2021-09-12T16:00:37","guid":{"rendered":"http:\/\/www.zonaroja.com.mx\/?p=31928"},"modified":"2021-09-11T21:47:35","modified_gmt":"2021-09-12T02:47:35","slug":"oaxaca-tercer-lugar-en-numero-de-protestas-en-el-pais-especialista","status":"publish","type":"post","link":"https:\/\/zonaroja.com.mx\/?p=31928","title":{"rendered":"Oaxaca, tercer lugar en n\u00famero de protestas en el pa\u00eds: especialista"},"content":{"rendered":"\n<p>Evlin Arag\u00f3n\/Zona Roja.<\/p>\n\n\n\n<p>Oaxaca de Ju\u00e1rez, Oax., 12 de septiembre de 2021.- El estudio de la conflictividad social permite descubrir los verdaderos motivos por los que se generan las manifestaciones y plantear soluciones al respecto, asegur\u00f3 Jorge Cadena Roa, coordinador del Laboratorio de An\u00e1lisis de Organizaciones y Movimientos Sociales (LAOMS) del Centro de Investigaciones Interdisciplinarias en Ciencias y Humanidades de la UNAM.&nbsp;<\/p>\n\n\n\n<p>Lo anterior en el marco de la presentaci\u00f3n del grupo de trabajo denominado \u201cEspacio para el an\u00e1lisis y actuaci\u00f3n ante la conflictividad en Oaxaca. Cultura de paz\u201d, que promueve la Universidad Aut\u00f3noma \u201cBenito Ju\u00e1rez\u201d de Oaxaca (UABJO), en coordinaci\u00f3n con otros espacios acad\u00e9micos y organizaciones de la sociedad civil.<\/p>\n\n\n\n<p>De acuerdo con el especialista, contar con un registro diario de las protestas que suceden en el pa\u00eds es sumamente importante, ya que permite tener una idea del n\u00famero de movilizaciones, sus protagonistas, los principales motivos que los llevan a las calles y su lugar de origen.&nbsp;<\/p>\n\n\n\n<p>La labor es tan importante que, dijo, permite confirmar o rechazar la impresi\u00f3n ya existente de que existe un alto grado de manifestaci\u00f3n social en Oaxaca, donde los datos previamente estudiados refieren que es la tercera entidad con mayor protesta en la Rep\u00fablica Mexicana.&nbsp;<\/p>\n\n\n\n<p>\u201cLos datos nos permiten hacer un primer diagn\u00f3stico, posteriormente un an\u00e1lisis m\u00e1s profundo y adem\u00e1s propuestas para la soluci\u00f3n de conflictos mediante la cultura de la paz\u201d, sentenci\u00f3.<\/p>\n\n\n\n<p>Su experiencia y estudios realizados previamente le permiten asegurar que, actualmente, ser escuchados y atendidos por las autoridades de los diferentes niveles de gobierno, adem\u00e1s de las demandas por justicia son los principales motivos por los que se manifiesta la sociedad en nuestro pa\u00eds.\u00a0<\/p>\n\n\n\n<figure class=\"wp-block-embed-twitter wp-block-embed is-type-rich is-provider-twitter\"><div class=\"wp-block-embed__wrapper\">\n<div class=\"twitter-tweet\"><blockquote class=\"twitter-tweet\" data-lang=\"es\"><p lang=\"es\" dir=\"ltr\">Este proyecto impulsado desde una propuesta colectiva e interdisciplinaria, busca analizar la protesta social, la justicia de g\u00e9nero, la defensa de territorios, mediaci\u00f3n y herramientas de cultura de paz e investigaci\u00f3n, as\u00ed lo afirm\u00f3 el Rector <a href=\"https:\/\/twitter.com\/Bautistaeduardo?ref_src=twsrc%5Etfw\">@Bautistaeduardo<\/a> <a href=\"https:\/\/t.co\/uX7qdB0YyJ\">pic.twitter.com\/uX7qdB0YyJ<\/a><\/p>&mdash; Comunicaci\u00f3nUABJO (@comunica_UABJO) <a href=\"https:\/\/twitter.com\/comunica_UABJO\/status\/1436470910110912518?ref_src=twsrc%5Etfw\">10 de septiembre de 2021<\/a><\/blockquote><\/div>\n<\/div><\/figure>\n\n\n\n<p>Durante la presentaci\u00f3n del grupo, el rector de la UABJO, Eduardo Bautista Mart\u00ednez, asegur\u00f3 que se trata de un esfuerzo articulado para comprender el fondo de la conflictividad en la entidad a fin de vislumbrar estrategias para trabajar en ellas, fomentando la cultura de la paz y el bien com\u00fan.<\/p>\n\n\n\n<p>En este sentido indic\u00f3 que la iniciativa marcar\u00e1 un precedente importante en t\u00e9rminos de alianzas entre la academia y la sociedad civil, quienes deben caminar en conjunto en la mediaci\u00f3n de conflictos a favor de la ciudadan\u00eda que busca una mejor calidad de vida.<\/p>\n\n\n\n<p>\u201cEn este momento este es un tema sumamente relevante e imprescindible que amerita no solamente preocupaci\u00f3n sino ocupaci\u00f3n. La posibilidad de que el conocimiento que se construya a trav\u00e9s de los laboratorios pueda materializarse en una transformaci\u00f3n positiva\u201d, indic\u00f3.&nbsp;<\/p>\n\n\n\n<p>Finalmente, Manuel Garc\u00eda Zepeda, director del Instituto de Investigaciones Sociol\u00f3gicas de la UABJO, asegur\u00f3 que el grupo, que ya ha venido trabajando desde el mes de mayo, busca convertirse en un espacio abierto para conocer la situaci\u00f3n de conflictividad en Oaxaca y contribuir en la formaci\u00f3n de personas comprometidas con la cultura de paz.&nbsp;<\/p>\n\n\n\n<p>Las organizaciones que junto con la UABJO conforman este grupo son: Servicios y Asesor\u00eda para la Paz (Serapaz), el Centro de Investigaciones Interdisciplinarias en Ciencias y Humanidades de la UNAM, el Grupo de Estudios sobre la Mujer \u201cRosario Castellanos\u201d y Servicios para una Educaci\u00f3n Alternativa (Educa).&nbsp;<\/p>\n","protected":false},"excerpt":{"rendered":"<p>Evlin Arag\u00f3n\/Zona Roja. Oaxaca de Ju\u00e1rez, Oax., 12 de septiembre de 2021.- El estudio de&hellip;<\/p>\n","protected":false},"author":2,"featured_media":31929,"comment_status":"closed","ping_status":"open","sticky":false,"template":"","format":"standard","meta":{"_lmt_disableupdate":"","_lmt_disable":"","_jetpack_memberships_contains_paid_content":false,"footnotes":""},"categories":[109,46],"tags":[360,282],"class_list":["post-31928","post","type-post","status-publish","format-standard","has-post-thumbnail","hentry","category-minuto-a-minuto","category-zona-blanca","tag-rector-eduardo-bautista-martinez","tag-universidad-autonoma-benito-juarez-de-oaxaca"],"jetpack_featured_media_url":"https:\/\/zonaroja.com.mx\/wp-content\/uploads\/2021\/09\/UABJO-Cultura-de-la-Paz.jpg","jetpack_sharing_enabled":true,"_links":{"self":[{"href":"https:\/\/zonaroja.com.mx\/index.php?rest_route=\/wp\/v2\/posts\/31928","targetHints":{"allow":["GET"]}}],"collection":[{"href":"https:\/\/zonaroja.com.mx\/index.php?rest_route=\/wp\/v2\/posts"}],"about":[{"href":"https:\/\/zonaroja.com.mx\/index.php?rest_route=\/wp\/v2\/types\/post"}],"author":[{"embeddable":true,"href":"https:\/\/zonaroja.com.mx\/index.php?rest_route=\/wp\/v2\/users\/2"}],"replies":[{"embeddable":true,"href":"https:\/\/zonaroja.com.mx\/index.php?rest_route=%2Fwp%2Fv2%2Fcomments&post=31928"}],"version-history":[{"count":1,"href":"https:\/\/zonaroja.com.mx\/index.php?rest_route=\/wp\/v2\/posts\/31928\/revisions"}],"predecessor-version":[{"id":31930,"href":"https:\/\/zonaroja.com.mx\/index.php?rest_route=\/wp\/v2\/posts\/31928\/revisions\/31930"}],"wp:featuredmedia":[{"embeddable":true,"href":"https:\/\/zonaroja.com.mx\/index.php?rest_route=\/wp\/v2\/media\/31929"}],"wp:attachment":[{"href":"https:\/\/zonaroja.com.mx\/index.php?rest_route=%2Fwp%2Fv2%2Fmedia&parent=31928"}],"wp:term":[{"taxonomy":"category","embeddable":true,"href":"https:\/\/zonaroja.com.mx\/index.php?rest_route=%2Fwp%2Fv2%2Fcategories&post=31928"},{"taxonomy":"post_tag","embeddable":true,"href":"https:\/\/zonaroja.com.mx\/index.php?rest_route=%2Fwp%2Fv2%2Ftags&post=31928"}],"curies":[{"name":"wp","href":"https:\/\/api.w.org\/{rel}","templated":true}]}}