{"id":3193,"date":"2019-08-19T07:10:38","date_gmt":"2019-08-19T12:10:38","guid":{"rendered":"http:\/\/www.zonaroja.com.mx\/?p=3193"},"modified":"2019-08-19T07:10:41","modified_gmt":"2019-08-19T12:10:41","slug":"marcharan-para-exigir-justicia-por-feminicidio-de-joven-en-puerto-escondido","status":"publish","type":"post","link":"https:\/\/zonaroja.com.mx\/?p=3193","title":{"rendered":"Marchar\u00e1n para exigir justicia por feminicidio de joven en Puerto Escondido"},"content":{"rendered":"\n<p>Evlin Arag\u00f3n\/Zona Roja.<\/p>\n\n\n\n<p>Oaxaca de Ju\u00e1rez, Oax., 19 de agosto de\n2019.- A trav\u00e9s de las redes sociales y algunos medios electr\u00f3nicos de\ncomunicaci\u00f3n se hizo extensiva la convocatoria para una marcha este lunes en\nPuerto Escondido, uno de los tres principales destinos tur\u00edsticos de la entidad\noaxaque\u00f1a, para exigir justicia por el probable feminicidio de Mar\u00eda Eugenia,\njoven de 19 a\u00f1os, cuyo cuerpo fue localizado sin vida este domingo. <\/p>\n\n\n\n<p>Acompa\u00f1ada de los hashtag #NiUnaMenos y\n#JusticiaParaMaru, la convocatoria se lanz\u00f3 pocas horas despu\u00e9s de que se diera\na conocer el crimen; de acuerdo con los primeros reportes de las autoridades,\nel cuerpo de la joven fue localizado semidesnudo y con signo de violencia\nsexual a un costado del camino que conduce a playa Colorada, Puerto Escondido.<\/p>\n\n\n\n<p>As\u00ed mismo se presume que el cuerpo sin\nvida de Mar\u00eda Eugenia, que presentada huellas de tortura, fue arrojado en dicho\nlugar despu\u00e9s de haber sido asesinada en otro sitio.<\/p>\n\n\n\n<p>\u201cPuerto Escondido Oaxaca est\u00e1 de luto,\nsus hombres y mujeres indignados ante el feminicidio ocurrido en esta ciudad y\nse exige justicia a quien corresponda\u201d, cita uno de los perfiles que convoca a\nla marcha del d\u00eda de ma\u00f1ana.<\/p>\n\n\n\n<p>La concentraci\u00f3n est\u00e1 programada para este lunes 19 de agosto a las 09.30 horas frente a las instalaciones de la Comisi\u00f3n Federal de Electricidad para marchar hacia la oficinas de la Vicefiscal\u00eda de Puerto Escondido, en donde se pedir\u00e1 justicia para la joven.<\/p>\n\n\n\n<figure class=\"wp-block-embed-twitter wp-block-embed is-type-rich is-provider-twitter\"><div class=\"wp-block-embed__wrapper\">\n<div class=\"twitter-tweet\"><blockquote class=\"twitter-tweet\" data-lang=\"es\"><p lang=\"es\" dir=\"ltr\">Aplicar el protocolo de <a href=\"https:\/\/twitter.com\/hashtag\/feminicidios?src=hash&amp;ref_src=twsrc%5Etfw\">#feminicidios<\/a> en todo asesinato violento es obligaci\u00f3n de la <a href=\"https:\/\/twitter.com\/FISCALIA_GobOax?ref_src=twsrc%5Etfw\">@FISCALIA_GobOax<\/a>, el problema son los criterios que en el trayecto de la investigaci\u00f3n se aplican para descartarlo.<a href=\"https:\/\/twitter.com\/hashtag\/NiUnaM%C3%A1s?src=hash&amp;ref_src=twsrc%5Etfw\">#NiUnaM\u00e1s<\/a><a href=\"https:\/\/twitter.com\/hashtag\/NiUnaMenos?src=hash&amp;ref_src=twsrc%5Etfw\">#NiUnaMenos<\/a> <a href=\"https:\/\/twitter.com\/hashtag\/BastaDeImpunidad?src=hash&amp;ref_src=twsrc%5Etfw\">#BastaDeImpunidad<\/a> <a href=\"https:\/\/t.co\/3I29KN3PRR\">https:\/\/t.co\/3I29KN3PRR<\/a><\/p>&mdash; GESMujer (@GES_Mujer) <a href=\"https:\/\/twitter.com\/GES_Mujer\/status\/1163193033950523393?ref_src=twsrc%5Etfw\">18 de agosto de 2019<\/a><\/blockquote><\/div>\n<\/div><\/figure>\n\n\n\n<p>Durante este domingo decenas de\nactivistas se pronunciaron en las redes sociales en contra del crimen y\ncuestionaron que la indignaci\u00f3n de la sociedad sea por unas paredes pintadas,\ntras las movilizaciones feministas del pasado viernes, y no por un feminicidio\nm\u00e1s que suma 335 casos de acuerdo con el contador de Consorcio Oaxaca.<\/p>\n\n\n\n<p>Organizaciones sociales como el Grupo\nde Estudios sobre la Mujer \u201cRosario Castellanos\u201d (GesMujer), refiri\u00f3 que el\ndiscurso gubernamental no est\u00e1 haciendo eco con la realidad de Oaxaca, \u201chay una\nausencia de acciones contundentes para detener la violencia contra las\nmujeres\u201d, sentenci\u00f3 a trav\u00e9s de sus redes sociales.<\/p>\n","protected":false},"excerpt":{"rendered":"<p>Evlin Arag\u00f3n\/Zona Roja. Oaxaca de Ju\u00e1rez, Oax., 19 de agosto de 2019.- A trav\u00e9s de&hellip;<\/p>\n","protected":false},"author":2,"featured_media":3175,"comment_status":"closed","ping_status":"open","sticky":false,"template":"","format":"standard","meta":{"_lmt_disableupdate":"","_lmt_disable":"","_jetpack_memberships_contains_paid_content":false,"footnotes":""},"categories":[109,51],"tags":[569,573],"class_list":["post-3193","post","type-post","status-publish","format-standard","has-post-thumbnail","hentry","category-minuto-a-minuto","category-zona-roja","tag-asesinan-a-mujer-en-puerto-escondido","tag-feminicidio-puerto-escondido"],"jetpack_featured_media_url":"https:\/\/zonaroja.com.mx\/wp-content\/uploads\/2019\/08\/Feminicidio-Puerto-Escondido.jpg","jetpack_sharing_enabled":true,"_links":{"self":[{"href":"https:\/\/zonaroja.com.mx\/index.php?rest_route=\/wp\/v2\/posts\/3193","targetHints":{"allow":["GET"]}}],"collection":[{"href":"https:\/\/zonaroja.com.mx\/index.php?rest_route=\/wp\/v2\/posts"}],"about":[{"href":"https:\/\/zonaroja.com.mx\/index.php?rest_route=\/wp\/v2\/types\/post"}],"author":[{"embeddable":true,"href":"https:\/\/zonaroja.com.mx\/index.php?rest_route=\/wp\/v2\/users\/2"}],"replies":[{"embeddable":true,"href":"https:\/\/zonaroja.com.mx\/index.php?rest_route=%2Fwp%2Fv2%2Fcomments&post=3193"}],"version-history":[{"count":1,"href":"https:\/\/zonaroja.com.mx\/index.php?rest_route=\/wp\/v2\/posts\/3193\/revisions"}],"predecessor-version":[{"id":3194,"href":"https:\/\/zonaroja.com.mx\/index.php?rest_route=\/wp\/v2\/posts\/3193\/revisions\/3194"}],"wp:featuredmedia":[{"embeddable":true,"href":"https:\/\/zonaroja.com.mx\/index.php?rest_route=\/wp\/v2\/media\/3175"}],"wp:attachment":[{"href":"https:\/\/zonaroja.com.mx\/index.php?rest_route=%2Fwp%2Fv2%2Fmedia&parent=3193"}],"wp:term":[{"taxonomy":"category","embeddable":true,"href":"https:\/\/zonaroja.com.mx\/index.php?rest_route=%2Fwp%2Fv2%2Fcategories&post=3193"},{"taxonomy":"post_tag","embeddable":true,"href":"https:\/\/zonaroja.com.mx\/index.php?rest_route=%2Fwp%2Fv2%2Ftags&post=3193"}],"curies":[{"name":"wp","href":"https:\/\/api.w.org\/{rel}","templated":true}]}}