{"id":31937,"date":"2021-09-12T07:34:04","date_gmt":"2021-09-12T12:34:04","guid":{"rendered":"http:\/\/www.zonaroja.com.mx\/?p=31937"},"modified":"2021-09-12T07:34:08","modified_gmt":"2021-09-12T12:34:08","slug":"refuerza-semovi-campana-de-concientizacion-para-uso-de-cubrebocas-en-transporte","status":"publish","type":"post","link":"https:\/\/zonaroja.com.mx\/?p=31937","title":{"rendered":"Refuerza Semovi campa\u00f1a de concientizaci\u00f3n para uso de cubrebocas en transporte"},"content":{"rendered":"\n<p>Redacci\u00f3n\/Zona Roja.<\/p>\n\n\n\n<p>Oaxaca de Ju\u00e1rez, Oax., 12 de septiembre de 2021.- La Secretar\u00eda de Movilidad (Semovi), en coordinaci\u00f3n con la Beneficencia P\u00fablica del Gobierno del Estado, mantienen la campa\u00f1a \u201cPor ti y por todos, usa cubrebocas\u201d, para intensificar las medidas de prevenci\u00f3n contra el Covid-19 en el transporte p\u00fablico, por lo que se han entregado cinco mil mascarillas sanitarias en distintos puntos estrat\u00e9gicos de la ciudad.<\/p>\n\n\n\n<p>Con esta campa\u00f1a, buscan concientizar a la ciudadan\u00eda sobre la importancia de utilizar el cubrebocas en el transport\u00e9 p\u00fablico, para evitar la propagaci\u00f3n del virus.<\/p>\n\n\n\n<p>Las primeras acciones se llevaron a cabo en los cuatros accesos a la ciudad: en la carretera 190, la avenida S\u00edmbolos Patrios, el crucero de la Ex Garita y el monumento a Ju\u00e1rez, donde el personal operativo de ambas dependencias record\u00f3 a las personas usuarios y operadores del transporte p\u00fablico, la importancia del uso obligatorio del cubrebocas y la ocupaci\u00f3n no mayor al 50% de estos veh\u00edculos.<\/p>\n\n\n\n<p>En este marco, la Semovi reitera a la poblaci\u00f3n el llamado de no bajar la guardia y seguir implementando la sana distancia y el qu\u00e9date en casa, as\u00ed como el lavado frecuente de manos con agua y jab\u00f3n, y el estornudo con el \u00e1ngulo interno del codo, ya que son las \u00fanicas v\u00edas efectivas para mitigar los contagios del Covid-19.<\/p>\n\n\n\n<p>Tambi\u00e9n pide prestar mayor atenci\u00f3n a las personas adultas mayores, embarazadas y personas con enfermedades cr\u00f3nico degenerativas, que comprenden los grupos m\u00e1s vulnerables para contagiarse de esta enfermedad.<\/p>\n\n\n\n<p>Las autoridades sanitarias del estado han establecido que el mayor n\u00famero de contagios por el coronavirus Covid-19 se ha generado en las plazas p\u00fablicas y en aquellos lugares con concentraci\u00f3n de personas, es por ello que la Semovi reitera el llamado del Gobierno del Estado de seguir intensificando las acciones sanitarias de prevenci\u00f3n.<\/p>\n","protected":false},"excerpt":{"rendered":"<p>Redacci\u00f3n\/Zona Roja. Oaxaca de Ju\u00e1rez, Oax., 12 de septiembre de 2021.- La Secretar\u00eda de Movilidad&hellip;<\/p>\n","protected":false},"author":2,"featured_media":31932,"comment_status":"closed","ping_status":"open","sticky":false,"template":"","format":"standard","meta":{"_lmt_disableupdate":"","_lmt_disable":"","_jetpack_memberships_contains_paid_content":false,"footnotes":""},"categories":[109,46],"tags":[2484],"class_list":["post-31937","post","type-post","status-publish","format-standard","has-post-thumbnail","hentry","category-minuto-a-minuto","category-zona-blanca","tag-secretaria-de-movilidad-semovi"],"jetpack_featured_media_url":"https:\/\/zonaroja.com.mx\/wp-content\/uploads\/2021\/09\/campan\u0303a-de-concientizacio\u0301n-para-el-uso-de-cubrebocas-en-el-transporte-pu\u0301blico1.jpg","jetpack_sharing_enabled":true,"_links":{"self":[{"href":"https:\/\/zonaroja.com.mx\/index.php?rest_route=\/wp\/v2\/posts\/31937","targetHints":{"allow":["GET"]}}],"collection":[{"href":"https:\/\/zonaroja.com.mx\/index.php?rest_route=\/wp\/v2\/posts"}],"about":[{"href":"https:\/\/zonaroja.com.mx\/index.php?rest_route=\/wp\/v2\/types\/post"}],"author":[{"embeddable":true,"href":"https:\/\/zonaroja.com.mx\/index.php?rest_route=\/wp\/v2\/users\/2"}],"replies":[{"embeddable":true,"href":"https:\/\/zonaroja.com.mx\/index.php?rest_route=%2Fwp%2Fv2%2Fcomments&post=31937"}],"version-history":[{"count":1,"href":"https:\/\/zonaroja.com.mx\/index.php?rest_route=\/wp\/v2\/posts\/31937\/revisions"}],"predecessor-version":[{"id":31938,"href":"https:\/\/zonaroja.com.mx\/index.php?rest_route=\/wp\/v2\/posts\/31937\/revisions\/31938"}],"wp:featuredmedia":[{"embeddable":true,"href":"https:\/\/zonaroja.com.mx\/index.php?rest_route=\/wp\/v2\/media\/31932"}],"wp:attachment":[{"href":"https:\/\/zonaroja.com.mx\/index.php?rest_route=%2Fwp%2Fv2%2Fmedia&parent=31937"}],"wp:term":[{"taxonomy":"category","embeddable":true,"href":"https:\/\/zonaroja.com.mx\/index.php?rest_route=%2Fwp%2Fv2%2Fcategories&post=31937"},{"taxonomy":"post_tag","embeddable":true,"href":"https:\/\/zonaroja.com.mx\/index.php?rest_route=%2Fwp%2Fv2%2Ftags&post=31937"}],"curies":[{"name":"wp","href":"https:\/\/api.w.org\/{rel}","templated":true}]}}