{"id":31939,"date":"2021-09-13T07:36:51","date_gmt":"2021-09-13T12:36:51","guid":{"rendered":"http:\/\/www.zonaroja.com.mx\/?p=31939"},"modified":"2021-09-13T07:24:23","modified_gmt":"2021-09-13T12:24:23","slug":"adolescente-en-reclusion-de-oaxaca-logra-primer-lugar-nacional-en-dibujo-artistico","status":"publish","type":"post","link":"https:\/\/zonaroja.com.mx\/?p=31939","title":{"rendered":"Adolescente en reclusi\u00f3n de Oaxaca logra primer lugar nacional en dibujo art\u00edstico"},"content":{"rendered":"\n<p>Redacci\u00f3n\/Zona Roja.<\/p>\n\n\n\n<p>Oaxaca de Ju\u00e1rez, Oax., 13 de septiembre de 2021.- Un adolescente privado de la libertad en Oaxaca logr\u00f3 el primer lugar en el Concurso Nacional de Expresi\u00f3n Art\u00edstica 2021 \u00abRecuperando mis sue\u00f1os\u00bb, en la categor\u00eda Dibujo, a trav\u00e9s de la Justicia Juvenil Internacional, Prevenci\u00f3n y Readaptaci\u00f3n Social, inform\u00f3 la Direcci\u00f3n de Ejecuci\u00f3n de Medidas para Adolescentes (DEMA).<\/p>\n\n\n\n<p>La Secretar\u00eda de Seguridad P\u00fablica de Oaxaca (SSPO), que encabeza Heliodoro D\u00edaz Esc\u00e1rraga, a trav\u00e9s de la DEMA, impulsa y promueve el crecimiento intelectual y la cultura entre j\u00f3venes privados de libertad.<\/p>\n\n\n\n<p>Este tipo de actividades est\u00e1n enmarcadas dentro del modelo de reinserci\u00f3n social efectiva recomendado por la Comisi\u00f3n Nacional de Derechos Humanos, y con el cual el Gobierno del Estado ha complementado con actividades art\u00edsticas, a fin de que la poblaci\u00f3n penitenciaria desarrolle espacios de expresi\u00f3n y sensibilizaci\u00f3n, mediante el dibujo.<\/p>\n\n\n\n<p>Es importante mencionar que la DEMA promueve tambi\u00e9n el deporte, el trabajo, la salud y la educaci\u00f3n, con el objetivo de que J\u00f3venes Privados de Libertad, potencialicen sus capacidades y habilidades en referidos programas.<\/p>\n\n\n\n<p>Es as\u00ed como la SSPO fomenta las bellas artes, brindando las herramientas necesarias al concluir el proceso de reinserci\u00f3n y obtener una forma de trabajo digno.<\/p>\n","protected":false},"excerpt":{"rendered":"<p>Redacci\u00f3n\/Zona Roja. Oaxaca de Ju\u00e1rez, Oax., 13 de septiembre de 2021.- Un adolescente privado de&hellip;<\/p>\n","protected":false},"author":2,"featured_media":31931,"comment_status":"closed","ping_status":"open","sticky":false,"template":"","format":"standard","meta":{"_lmt_disableupdate":"","_lmt_disable":"","_jetpack_memberships_contains_paid_content":false,"footnotes":""},"categories":[109,46],"tags":[1421],"class_list":["post-31939","post","type-post","status-publish","format-standard","has-post-thumbnail","hentry","category-minuto-a-minuto","category-zona-blanca","tag-secretaria-de-seguridad-publica-de-oaxaca-sspo"],"jetpack_featured_media_url":"https:\/\/zonaroja.com.mx\/wp-content\/uploads\/2021\/09\/SSPO-Recuperando-mis-suenos-4.jpg","jetpack_sharing_enabled":true,"_links":{"self":[{"href":"https:\/\/zonaroja.com.mx\/index.php?rest_route=\/wp\/v2\/posts\/31939","targetHints":{"allow":["GET"]}}],"collection":[{"href":"https:\/\/zonaroja.com.mx\/index.php?rest_route=\/wp\/v2\/posts"}],"about":[{"href":"https:\/\/zonaroja.com.mx\/index.php?rest_route=\/wp\/v2\/types\/post"}],"author":[{"embeddable":true,"href":"https:\/\/zonaroja.com.mx\/index.php?rest_route=\/wp\/v2\/users\/2"}],"replies":[{"embeddable":true,"href":"https:\/\/zonaroja.com.mx\/index.php?rest_route=%2Fwp%2Fv2%2Fcomments&post=31939"}],"version-history":[{"count":2,"href":"https:\/\/zonaroja.com.mx\/index.php?rest_route=\/wp\/v2\/posts\/31939\/revisions"}],"predecessor-version":[{"id":31971,"href":"https:\/\/zonaroja.com.mx\/index.php?rest_route=\/wp\/v2\/posts\/31939\/revisions\/31971"}],"wp:featuredmedia":[{"embeddable":true,"href":"https:\/\/zonaroja.com.mx\/index.php?rest_route=\/wp\/v2\/media\/31931"}],"wp:attachment":[{"href":"https:\/\/zonaroja.com.mx\/index.php?rest_route=%2Fwp%2Fv2%2Fmedia&parent=31939"}],"wp:term":[{"taxonomy":"category","embeddable":true,"href":"https:\/\/zonaroja.com.mx\/index.php?rest_route=%2Fwp%2Fv2%2Fcategories&post=31939"},{"taxonomy":"post_tag","embeddable":true,"href":"https:\/\/zonaroja.com.mx\/index.php?rest_route=%2Fwp%2Fv2%2Ftags&post=31939"}],"curies":[{"name":"wp","href":"https:\/\/api.w.org\/{rel}","templated":true}]}}