{"id":31943,"date":"2021-09-12T12:08:40","date_gmt":"2021-09-12T17:08:40","guid":{"rendered":"http:\/\/www.zonaroja.com.mx\/?p=31943"},"modified":"2021-09-12T12:08:43","modified_gmt":"2021-09-12T17:08:43","slug":"tormentas-en-golfo-y-pacifico-encapsulan-a-oaxaca-habra-intensas-lluvias","status":"publish","type":"post","link":"https:\/\/zonaroja.com.mx\/?p=31943","title":{"rendered":"Tormentas en Golfo y Pac\u00edfico \u201cencapsulan\u201d a Oaxaca; habr\u00e1 intensas lluvias"},"content":{"rendered":"\n<p>Redacci\u00f3n\/Zona Roja.<\/p>\n\n\n\n<p>Oaxaca de Ju\u00e1rez, Oax. 12 de septiembre de 2021.- Dos sistemas meteorol\u00f3gicos, uno en el Golfo de M\u00e9xico y otro en el oc\u00e9ano Pac\u00edfico, mantienen pr\u00e1cticamente \u201cencapsulado\u201d al estado de Oaxaca y las autoridades alertan por intensas lluvias.<\/p>\n\n\n\n<p>De acuerdo con la Comisi\u00f3n Nacional del Agua (Conagua), en el Golfo se form\u00f3 la ma\u00f1ana de hoy la Tormenta Tropical \u201cNicholas\u201d.<\/p>\n\n\n\n<p>Su centro se localiz\u00f3 a 205 kil\u00f3metros al noroeste del puerto de Veracruz y prev\u00e9 ocasionar lluvias puntuales torrenciales en Veracruz, Oaxaca, Tabaso y Chiapas, mientras que muy fuerte en Puebla.<\/p>\n\n\n\n<p>En tanto, la Coordinaci\u00f3n Estatal de Protecci\u00f3n Civil de Oaxaca (CEPCO) informa la ocurrencia en el estado de lluvias ligeras a moderadas, con ocasionales chubascos fuertes a lo largo de la zona costera, Istmo y Sierra Sur, y de intensidad variable en el resto de la entidad.<\/p>\n\n\n\n<p>Lo anterior, debido a que en las \u00faltimas 24 horas la baja presi\u00f3n con potencial cicl\u00f3nico, localizada sobre el Pac\u00edfico sur, estar\u00e1 asociada a la Onda Tropical 29, provocando humedad hacia el interior del estado.<\/p>\n\n\n\n<p>Asimismo, permanecen bancos de niebla en zonas serranas con ambiente fresco y relativamente c\u00e1lido en la Costa, Istmo y bajo Papaloapan, mientras que las condiciones del mar seguir\u00e1n con oleaje elevado, marejadas fuertes y turbonadas mar adentro.<\/p>\n\n\n\n<figure class=\"wp-block-embed-twitter wp-block-embed is-type-rich is-provider-twitter\"><div class=\"wp-block-embed__wrapper\">\n<div class=\"twitter-tweet\"><blockquote class=\"twitter-tweet\" data-lang=\"es\"><p lang=\"es\" dir=\"ltr\">La <a href=\"https:\/\/twitter.com\/hashtag\/CEPCO?src=hash&amp;ref_src=twsrc%5Etfw\">#CEPCO<\/a> informa: Zona de baja presi\u00f3n con 40% de probabilidad para desarrollo cicl\u00f3nico en 48 horas, a las 07 horas se localiz\u00f3 a 150 kil\u00f3metros al este de Puerto \u00c1ngel, Oax. se desplaza hacia al oeste, con vientos m\u00e1ximos sostenidos de 30km\/h y rachas d 40 km\/h<a href=\"https:\/\/twitter.com\/alejandromurat?ref_src=twsrc%5Etfw\">@alejandromurat<\/a> <a href=\"https:\/\/t.co\/bQOhgaUG6t\">pic.twitter.com\/bQOhgaUG6t<\/a><\/p>&mdash; Protecci\u00f3nCivilOax (@CEPCO_GobOax) <a href=\"https:\/\/twitter.com\/CEPCO_GobOax\/status\/1437099681977442311?ref_src=twsrc%5Etfw\">12 de septiembre de 2021<\/a><\/blockquote><\/div>\n<\/div><\/figure>\n\n\n\n<p>La CEPCO recomienda a la poblaci\u00f3n tomar precauciones debido a las precipitaciones de los \u00faltimos d\u00edas, adem\u00e1s que se presenta saturaci\u00f3n de humedad en los suelos, ocasionando probabilidad de deslizamiento de tierra en zonas de ladera de alta pendiente, as\u00ed como crecida de r\u00edos y arroyos de respuesta r\u00e1pida e inundaciones repentinas en zonas urbanas.<\/p>\n","protected":false},"excerpt":{"rendered":"<p>Redacci\u00f3n\/Zona Roja. Oaxaca de Ju\u00e1rez, Oax. 12 de septiembre de 2021.- Dos sistemas meteorol\u00f3gicos, uno&hellip;<\/p>\n","protected":false},"author":2,"featured_media":31944,"comment_status":"closed","ping_status":"open","sticky":false,"template":"","format":"standard","meta":{"_lmt_disableupdate":"","_lmt_disable":"","_jetpack_memberships_contains_paid_content":false,"footnotes":""},"categories":[109,47],"tags":[848],"class_list":["post-31943","post","type-post","status-publish","format-standard","has-post-thumbnail","hentry","category-minuto-a-minuto","category-zona-gris","tag-danos-lluvias-oaxaca"],"jetpack_featured_media_url":"https:\/\/zonaroja.com.mx\/wp-content\/uploads\/2021\/09\/Lluvias-tormentas-ciclon-Oaxaca.jpg","jetpack_sharing_enabled":true,"_links":{"self":[{"href":"https:\/\/zonaroja.com.mx\/index.php?rest_route=\/wp\/v2\/posts\/31943","targetHints":{"allow":["GET"]}}],"collection":[{"href":"https:\/\/zonaroja.com.mx\/index.php?rest_route=\/wp\/v2\/posts"}],"about":[{"href":"https:\/\/zonaroja.com.mx\/index.php?rest_route=\/wp\/v2\/types\/post"}],"author":[{"embeddable":true,"href":"https:\/\/zonaroja.com.mx\/index.php?rest_route=\/wp\/v2\/users\/2"}],"replies":[{"embeddable":true,"href":"https:\/\/zonaroja.com.mx\/index.php?rest_route=%2Fwp%2Fv2%2Fcomments&post=31943"}],"version-history":[{"count":1,"href":"https:\/\/zonaroja.com.mx\/index.php?rest_route=\/wp\/v2\/posts\/31943\/revisions"}],"predecessor-version":[{"id":31945,"href":"https:\/\/zonaroja.com.mx\/index.php?rest_route=\/wp\/v2\/posts\/31943\/revisions\/31945"}],"wp:featuredmedia":[{"embeddable":true,"href":"https:\/\/zonaroja.com.mx\/index.php?rest_route=\/wp\/v2\/media\/31944"}],"wp:attachment":[{"href":"https:\/\/zonaroja.com.mx\/index.php?rest_route=%2Fwp%2Fv2%2Fmedia&parent=31943"}],"wp:term":[{"taxonomy":"category","embeddable":true,"href":"https:\/\/zonaroja.com.mx\/index.php?rest_route=%2Fwp%2Fv2%2Fcategories&post=31943"},{"taxonomy":"post_tag","embeddable":true,"href":"https:\/\/zonaroja.com.mx\/index.php?rest_route=%2Fwp%2Fv2%2Ftags&post=31943"}],"curies":[{"name":"wp","href":"https:\/\/api.w.org\/{rel}","templated":true}]}}