{"id":31946,"date":"2021-09-12T12:44:47","date_gmt":"2021-09-12T17:44:47","guid":{"rendered":"http:\/\/www.zonaroja.com.mx\/?p=31946"},"modified":"2021-09-12T12:44:57","modified_gmt":"2021-09-12T17:44:57","slug":"asesinan-a-dos-mujeres-hoy-en-oaxaca-suman-cinco-en-menos-de-una-semana","status":"publish","type":"post","link":"https:\/\/zonaroja.com.mx\/?p=31946","title":{"rendered":"Asesinan a dos mujeres hoy en Oaxaca; suman cinco en menos de una semana"},"content":{"rendered":"\n<p>Ismael Garc\u00eda M.\/Zona Roja.<\/p>\n\n\n\n<p>Santa Mar\u00eda El Tule, Oax., 12 de septiembre de 2021.- Dos mujeres fueron asesinadas a balazos la ma\u00f1ana de este domingo, una en El Tule, comunidad tur\u00edstica de la regi\u00f3n Valles Centrales, y otra en San Juan Bautista Tuxtepec.<\/p>\n\n\n\n<p>Con estos dos casos, suman al menos cinco femeninas muertas con violencia en menos de una semana.<\/p>\n\n\n\n<p>Alrededor de las 09:00 horas se report\u00f3 un probable feminicidio en un domicilio ubicado en la calle 3 de Mayo, a unas cuatro cuadras del palacio municipal y el emblem\u00e1tico \u00e1rbol milenario de Santa Mar\u00eda El Tule.<\/p>\n\n\n\n<p>Hasta el momento no ha sido identificada la v\u00edctima y s\u00f3lo se sabe que tiene aproximadamente 28 a\u00f1os de edad.<\/p>\n\n\n\n<figure class=\"wp-block-embed-twitter wp-block-embed is-type-rich is-provider-twitter\"><div class=\"wp-block-embed__wrapper\">\n<div class=\"twitter-tweet\"><blockquote class=\"twitter-tweet\" data-lang=\"es\"><p lang=\"es\" dir=\"ltr\"><a href=\"https:\/\/twitter.com\/hashtag\/%C3%9AltimoMinuto?src=hash&amp;ref_src=twsrc%5Etfw\">#\u00daltimoMinuto<\/a> <br>En calidad de desconocida permanece la <a href=\"https:\/\/twitter.com\/hashtag\/mujer?src=hash&amp;ref_src=twsrc%5Etfw\">#mujer<\/a> de aproximadamente 28 a\u00f1os de edad, que fue asesinada esta ma\u00f1ana en un domicilio de la calle 3 de Mayo, de Santa Mar\u00eda el Tule, <a href=\"https:\/\/twitter.com\/hashtag\/Oaxaca?src=hash&amp;ref_src=twsrc%5Etfw\">#Oaxaca<\/a>, a unas cuatro cuadras del milenario ahuehuete, que atrae a cientos de turistas. <a href=\"https:\/\/t.co\/2WY2v9j0K0\">pic.twitter.com\/2WY2v9j0K0<\/a><\/p>&mdash; Zona Roja Oaxaca (@Zona_Roja_Oax) <a href=\"https:\/\/twitter.com\/Zona_Roja_Oax\/status\/1437102696306196483?ref_src=twsrc%5Etfw\">12 de septiembre de 2021<\/a><\/blockquote><\/div>\n<\/div><\/figure>\n\n\n\n<p>Aproximadamente a las 06:30 horas en Tuxtepec, fue ultimada una mujer en el exterior de una tienda Oxxo, en la calle Independencia de la colonia Grajales.<\/p>\n\n\n\n<p>Hasta el momento no se cuenta con el nombre ni edad de la v\u00edctima, que recibi\u00f3 al menos 10 disparos de arma de fuego.<\/p>\n\n\n\n<p>Mientras tanto, ayer fue localizado el cuerpo de la joven Yesenia Guadalupe A. E., quien fue reportada como desaparecida el pasado 30 de agosto en Juchit\u00e1n de Zaragoza, regi\u00f3n del Istmo.<\/p>\n\n\n\n<p>Se hall\u00f3 en estado de putrefacci\u00f3n y fue reconocida por sus familiares, quienes informaron a las autoridades que es originaria de Comit\u00e1n, Chiapas, y fue plagiada, por quien ped\u00edan un mill\u00f3n de pesos; al no poder reunir el dinero, la asesinaron.<\/p>\n\n\n\n<figure class=\"wp-block-embed-twitter wp-block-embed is-type-rich is-provider-twitter\"><div class=\"wp-block-embed__wrapper\">\n<div class=\"twitter-tweet\"><blockquote class=\"twitter-tweet\" data-lang=\"es\"><p lang=\"es\" dir=\"ltr\"><a href=\"https:\/\/twitter.com\/hashtag\/%C3%9AltimoMinuto?src=hash&amp;ref_src=twsrc%5Etfw\">#\u00daltimoMinuto<\/a> <br>Reportan el asesinato de dos <a href=\"https:\/\/twitter.com\/hashtag\/mujeres?src=hash&amp;ref_src=twsrc%5Etfw\">#mujeres<\/a> en <a href=\"https:\/\/twitter.com\/hashtag\/Oaxaca?src=hash&amp;ref_src=twsrc%5Etfw\">#Oaxaca<\/a>, la ma\u00f1ana de este domingo.<br>Un probable <a href=\"https:\/\/twitter.com\/hashtag\/feminicidio?src=hash&amp;ref_src=twsrc%5Etfw\">#feminicidio<\/a> en San Juan Bautista <a href=\"https:\/\/twitter.com\/hashtag\/Tuxtepec?src=hash&amp;ref_src=twsrc%5Etfw\">#Tuxtepec<\/a>, regi\u00f3n de la Cuenca. <br>Otro en Santa Mar\u00eda El Tule, regi\u00f3n Valles Centrales. <a href=\"https:\/\/t.co\/CT17MAtwAP\">pic.twitter.com\/CT17MAtwAP<\/a><\/p>&mdash; Zona Roja Oaxaca (@Zona_Roja_Oax) <a href=\"https:\/\/twitter.com\/Zona_Roja_Oax\/status\/1437059627129077760?ref_src=twsrc%5Etfw\">12 de septiembre de 2021<\/a><\/blockquote><\/div>\n<\/div><\/figure>\n\n\n\n<p>En San Juan Cacahuatepec, municipio de la Costa, este jueves 9 de septiembre fue localizado el cuerpo sin vida de una joven mujer, Maribel R. H., de 18 a\u00f1os de edad, quien desapareci\u00f3 el 5 de septiembre en su pueblo, Santa Mar\u00eda Zacatepec.<\/p>\n\n\n\n<p>Mientras que el pasado mi\u00e9rcoles, en la comunidad de Los Ocotes, del municipio de Ejutla de Crespo, fue ultimada a balazos una mujer de aproximadamente 25 a\u00f1os de edad.<\/p>\n\n\n\n<p>En todos los casos no hay personas detenidas; la Fiscal\u00eda General del Estado de Oaxaca inici\u00f3 las indagatorias bajo los protocolos de feminicidio.<\/p>\n","protected":false},"excerpt":{"rendered":"<p>Ismael Garc\u00eda M.\/Zona Roja. Santa Mar\u00eda El Tule, Oax., 12 de septiembre de 2021.- Dos&hellip;<\/p>\n","protected":false},"author":2,"featured_media":31947,"comment_status":"closed","ping_status":"open","sticky":false,"template":"","format":"standard","meta":{"_lmt_disableupdate":"","_lmt_disable":"","_jetpack_memberships_contains_paid_content":false,"footnotes":""},"categories":[109,51],"tags":[610,2031],"class_list":["post-31946","post","type-post","status-publish","format-standard","has-post-thumbnail","hentry","category-minuto-a-minuto","category-zona-roja","tag-feminicidios-oaxaca","tag-santa-maria-el-tule"],"jetpack_featured_media_url":"https:\/\/zonaroja.com.mx\/wp-content\/uploads\/2021\/09\/Feminicidio-Santa-Maria-El-Tule.jpg","jetpack_sharing_enabled":true,"_links":{"self":[{"href":"https:\/\/zonaroja.com.mx\/index.php?rest_route=\/wp\/v2\/posts\/31946","targetHints":{"allow":["GET"]}}],"collection":[{"href":"https:\/\/zonaroja.com.mx\/index.php?rest_route=\/wp\/v2\/posts"}],"about":[{"href":"https:\/\/zonaroja.com.mx\/index.php?rest_route=\/wp\/v2\/types\/post"}],"author":[{"embeddable":true,"href":"https:\/\/zonaroja.com.mx\/index.php?rest_route=\/wp\/v2\/users\/2"}],"replies":[{"embeddable":true,"href":"https:\/\/zonaroja.com.mx\/index.php?rest_route=%2Fwp%2Fv2%2Fcomments&post=31946"}],"version-history":[{"count":1,"href":"https:\/\/zonaroja.com.mx\/index.php?rest_route=\/wp\/v2\/posts\/31946\/revisions"}],"predecessor-version":[{"id":31948,"href":"https:\/\/zonaroja.com.mx\/index.php?rest_route=\/wp\/v2\/posts\/31946\/revisions\/31948"}],"wp:featuredmedia":[{"embeddable":true,"href":"https:\/\/zonaroja.com.mx\/index.php?rest_route=\/wp\/v2\/media\/31947"}],"wp:attachment":[{"href":"https:\/\/zonaroja.com.mx\/index.php?rest_route=%2Fwp%2Fv2%2Fmedia&parent=31946"}],"wp:term":[{"taxonomy":"category","embeddable":true,"href":"https:\/\/zonaroja.com.mx\/index.php?rest_route=%2Fwp%2Fv2%2Fcategories&post=31946"},{"taxonomy":"post_tag","embeddable":true,"href":"https:\/\/zonaroja.com.mx\/index.php?rest_route=%2Fwp%2Fv2%2Ftags&post=31946"}],"curies":[{"name":"wp","href":"https:\/\/api.w.org\/{rel}","templated":true}]}}