{"id":31953,"date":"2021-09-12T16:00:19","date_gmt":"2021-09-12T21:00:19","guid":{"rendered":"http:\/\/www.zonaroja.com.mx\/?p=31953"},"modified":"2021-09-12T16:00:23","modified_gmt":"2021-09-12T21:00:23","slug":"denuncian-que-scjn-violo-derechos-a-la-vida-al-avalar-abortos","status":"publish","type":"post","link":"https:\/\/zonaroja.com.mx\/?p=31953","title":{"rendered":"Denuncian que SCJN viol\u00f3 derechos a la vida al avalar abortos"},"content":{"rendered":"\n<p>Ismael Garc\u00eda M.\/Zona Roja.<\/p>\n\n\n\n<p>Oaxaca de Ju\u00e1rez, Oax., 12 de septiembre de 2021.- Organismos civiles y asociaciones religiosas de diversas creencias, se pronunciaron hoy contra la determinaci\u00f3n de la Suprema Corte de Justicia de la Naci\u00f3n (SCNJ), al avalar el aborto en toda la Rep\u00fablica Mexicana.<\/p>\n\n\n\n<p>En su denominado \u201cPronunciamiento por la vida\u201d, recriminaron tambi\u00e9n que las y los ministros hayan optado por violar los derechos a la vida y otras garant\u00edas individuales, por lo exigieron su renuncia.<\/p>\n\n\n\n<p>Durante una conferencia de prensa este domingo en la Alameda de Le\u00f3n de la capital oaxaque\u00f1a, lamentaron que la Suprema Corte juzgue y determine leyes por \u201cmoda\u201d y supuestamente para estar a la vanguardia, pero pasando por encima de los derechos de millones de mexicanos.<\/p>\n\n\n\n<p>Expusieron que no se tomaron en cuenta disposiciones legales nacionales, como el que se refiere que nadie puede ser discriminado por razones de edad o cualquier otra que atente contra la dignidad.<\/p>\n\n\n\n<figure class=\"wp-block-embed-twitter wp-block-embed is-type-rich is-provider-twitter\"><div class=\"wp-block-embed__wrapper\">\n<div class=\"twitter-tweet\"><blockquote class=\"twitter-tweet\" data-lang=\"es\"><p lang=\"es\" dir=\"ltr\"><a href=\"https:\/\/twitter.com\/hashtag\/ENVIVO?src=hash&amp;ref_src=twsrc%5Etfw\">#ENVIVO<\/a> <br>Grupos civiles y religiosos a favor de la vida y contra el aborto, efect\u00faan en la Alameda de Le\u00f3n de la ciudad de Oaxaca, una conferencia para rechazar la determinaci\u00f3n de la <a href=\"https:\/\/twitter.com\/SCJN?ref_src=twsrc%5Etfw\">@SCJN<\/a> respecto al tema. <br><br>Transmisi\u00f3n aqu\u00ed \ud83d\udc47<a href=\"https:\/\/t.co\/eS7KkYyQfZ\">https:\/\/t.co\/eS7KkYyQfZ<\/a><\/p>&mdash; Zona Roja Oaxaca (@Zona_Roja_Oax) <a href=\"https:\/\/twitter.com\/Zona_Roja_Oax\/status\/1437125316015575043?ref_src=twsrc%5Etfw\">12 de septiembre de 2021<\/a><\/blockquote><\/div>\n<\/div><\/figure>\n\n\n\n<p>La Corte olvida que la primera discriminaci\u00f3n y violencia que puede sufrir un ser humano es que no se le garantice su derecho a la vida, remarcaron. Adem\u00e1s, pas\u00f3 por alto la libre determinaci\u00f3n de las entidades del pa\u00eds, al pasar por encima de la autonom\u00eda del Poder Legislativo local, que puede tomar las determinaciones que considere su poblaci\u00f3n.<\/p>\n\n\n\n<p>\u201cEn Oaxaca hay transnacionales del aborto; nuestro dinero se est\u00e1 utilizando para matar a ni\u00f1os, en lugar de salvar vidas, m\u00e1xime en este momento que se requiere toda la atenci\u00f3n del sector p\u00fablico en los problemas reales de salud\u201d, dijo V\u00edctor Manuel Aguilar Guti\u00e9rrez, representante en Oaxaca del Frente Nacional por la Familia y de Unidad Oaxaque\u00f1a por la Vida y la Familia.<\/p>\n\n\n\n<p>Por ello, demandaron la renuncia de las y los ministros de la Suprema Corte de Justicia y pidieron que en M\u00e9xico se respete la decisi\u00f3n de millones de personas que est\u00e1n a favor de la vida.<\/p>\n\n\n\n<p>El pronunciamiento lo signan Unidad oaxaque\u00f1a, Frente Nacional por la Familia, Movimiento Ola Celeste, \u00c1rea M\u00e9dica por la Vida, Juventud y vida (Juvi), Gladium, Red Familia, Coalici\u00f3n Sumas por la Vida y la Familia, Generaci\u00f3n Provida, Salva una Vida, 40 D\u00edas por la Vida, Uni\u00f3n Nacional de Padres de Familia, Movimiento Nacionalista, Comit\u00e9s de Vida, entre otros.<\/p>\n","protected":false},"excerpt":{"rendered":"<p>Ismael Garc\u00eda M.\/Zona Roja. Oaxaca de Ju\u00e1rez, Oax., 12 de septiembre de 2021.- Organismos civiles&hellip;<\/p>\n","protected":false},"author":2,"featured_media":31951,"comment_status":"closed","ping_status":"open","sticky":false,"template":"","format":"standard","meta":{"_lmt_disableupdate":"","_lmt_disable":"","_jetpack_memberships_contains_paid_content":false,"footnotes":""},"categories":[109,46],"tags":[2885,2886],"class_list":["post-31953","post","type-post","status-publish","format-standard","has-post-thumbnail","hentry","category-minuto-a-minuto","category-zona-blanca","tag-frente-nacional-por-la-familia","tag-unidad-oaxaquena-por-la-vida-y-la-familia"],"jetpack_featured_media_url":"https:\/\/zonaroja.com.mx\/wp-content\/uploads\/2021\/09\/Protesta-pro-vida-Oaxaca.jpg","jetpack_sharing_enabled":true,"_links":{"self":[{"href":"https:\/\/zonaroja.com.mx\/index.php?rest_route=\/wp\/v2\/posts\/31953","targetHints":{"allow":["GET"]}}],"collection":[{"href":"https:\/\/zonaroja.com.mx\/index.php?rest_route=\/wp\/v2\/posts"}],"about":[{"href":"https:\/\/zonaroja.com.mx\/index.php?rest_route=\/wp\/v2\/types\/post"}],"author":[{"embeddable":true,"href":"https:\/\/zonaroja.com.mx\/index.php?rest_route=\/wp\/v2\/users\/2"}],"replies":[{"embeddable":true,"href":"https:\/\/zonaroja.com.mx\/index.php?rest_route=%2Fwp%2Fv2%2Fcomments&post=31953"}],"version-history":[{"count":1,"href":"https:\/\/zonaroja.com.mx\/index.php?rest_route=\/wp\/v2\/posts\/31953\/revisions"}],"predecessor-version":[{"id":31954,"href":"https:\/\/zonaroja.com.mx\/index.php?rest_route=\/wp\/v2\/posts\/31953\/revisions\/31954"}],"wp:featuredmedia":[{"embeddable":true,"href":"https:\/\/zonaroja.com.mx\/index.php?rest_route=\/wp\/v2\/media\/31951"}],"wp:attachment":[{"href":"https:\/\/zonaroja.com.mx\/index.php?rest_route=%2Fwp%2Fv2%2Fmedia&parent=31953"}],"wp:term":[{"taxonomy":"category","embeddable":true,"href":"https:\/\/zonaroja.com.mx\/index.php?rest_route=%2Fwp%2Fv2%2Fcategories&post=31953"},{"taxonomy":"post_tag","embeddable":true,"href":"https:\/\/zonaroja.com.mx\/index.php?rest_route=%2Fwp%2Fv2%2Ftags&post=31953"}],"curies":[{"name":"wp","href":"https:\/\/api.w.org\/{rel}","templated":true}]}}