{"id":31955,"date":"2021-09-12T16:03:27","date_gmt":"2021-09-12T21:03:27","guid":{"rendered":"http:\/\/www.zonaroja.com.mx\/?p=31955"},"modified":"2021-09-12T16:03:30","modified_gmt":"2021-09-12T21:03:30","slug":"rescatan-a-dos-mujeres-que-sufrian-en-comunidad-de-oaxaca-no-hay-detenidos","status":"publish","type":"post","link":"https:\/\/zonaroja.com.mx\/?p=31955","title":{"rendered":"Rescatan a dos mujeres que sufr\u00edan en comunidad de Oaxaca; no hay detenidos"},"content":{"rendered":"\n<p>Redacci\u00f3n\/Zona Roja.<\/p>\n\n\n\n<p>Oaxaca de Ju\u00e1rez, Oax., 12 de septiembre de 2021.- La Fiscal\u00eda General del Estado de Oaxaca (FGEO) rescat\u00f3 hoy a dos personas del sexo femenino identificadas como D. R. R. y A. C. A., v\u00edctimas del delito de trata de personas, quienes eran explotadas en un bar ubicado en el distrito de Tlacolula, en la regi\u00f3n de Valles Centrales.<\/p>\n\n\n\n<p>En un comunicado, dio a conocer que coordin\u00f3 el operativo luego de recibir una denuncia an\u00f3nima que indicaba que en el bar denominado \u201cLa Mujer de Piedra\u201d se comet\u00eda el delito de trata de personas, lo que provoc\u00f3 la movilizaci\u00f3n de la Agencia Estatal de Investigaciones (AEI) y que requiri\u00f3 la colaboraci\u00f3n de la Guardia Nacional y la Secretar\u00eda de Seguridad P\u00fablica de Oaxaca (SSPO).<\/p>\n\n\n\n<p>Expuso que luego de realizar las investigaciones de campo e inteligencia pertinentes, se logr\u00f3 identificar el establecimiento, ubicado a altura del kil\u00f3metro 22 de la carretera que conduce a San Pablo G\u00fcil\u00e1, perteneciente al municipio de Santiago Matatl\u00e1n, permitiendo el recate de las v\u00edctimas.<\/p>\n\n\n\n<p>A\u00f1adi\u00f3 que luego de tener bajo resguardo a las v\u00edctimas, fueron presentadas de forma inmediata ante la Vicefiscal\u00eda General de Atenci\u00f3n a V\u00edctimas y a la Sociedad de la FGEO, donde recibir\u00e1n atenci\u00f3n integral, asesor\u00eda jur\u00eddica y atenci\u00f3n m\u00e9dica y psicol\u00f3gica.<\/p>\n\n\n\n<p>No obstante, por el momento no hay personas detenidas.<\/p>\n","protected":false},"excerpt":{"rendered":"<p>Redacci\u00f3n\/Zona Roja. Oaxaca de Ju\u00e1rez, Oax., 12 de septiembre de 2021.- La Fiscal\u00eda General del&hellip;<\/p>\n","protected":false},"author":2,"featured_media":31950,"comment_status":"closed","ping_status":"open","sticky":false,"template":"","format":"standard","meta":{"_lmt_disableupdate":"","_lmt_disable":"","_jetpack_memberships_contains_paid_content":false,"footnotes":""},"categories":[109,46],"tags":[494],"class_list":["post-31955","post","type-post","status-publish","format-standard","has-post-thumbnail","hentry","category-minuto-a-minuto","category-zona-blanca","tag-fiscalia-general-del-estado-de-oaxaca"],"jetpack_featured_media_url":"https:\/\/zonaroja.com.mx\/wp-content\/uploads\/2021\/09\/Fiscalia-Guila.jpg","jetpack_sharing_enabled":true,"_links":{"self":[{"href":"https:\/\/zonaroja.com.mx\/index.php?rest_route=\/wp\/v2\/posts\/31955","targetHints":{"allow":["GET"]}}],"collection":[{"href":"https:\/\/zonaroja.com.mx\/index.php?rest_route=\/wp\/v2\/posts"}],"about":[{"href":"https:\/\/zonaroja.com.mx\/index.php?rest_route=\/wp\/v2\/types\/post"}],"author":[{"embeddable":true,"href":"https:\/\/zonaroja.com.mx\/index.php?rest_route=\/wp\/v2\/users\/2"}],"replies":[{"embeddable":true,"href":"https:\/\/zonaroja.com.mx\/index.php?rest_route=%2Fwp%2Fv2%2Fcomments&post=31955"}],"version-history":[{"count":1,"href":"https:\/\/zonaroja.com.mx\/index.php?rest_route=\/wp\/v2\/posts\/31955\/revisions"}],"predecessor-version":[{"id":31956,"href":"https:\/\/zonaroja.com.mx\/index.php?rest_route=\/wp\/v2\/posts\/31955\/revisions\/31956"}],"wp:featuredmedia":[{"embeddable":true,"href":"https:\/\/zonaroja.com.mx\/index.php?rest_route=\/wp\/v2\/media\/31950"}],"wp:attachment":[{"href":"https:\/\/zonaroja.com.mx\/index.php?rest_route=%2Fwp%2Fv2%2Fmedia&parent=31955"}],"wp:term":[{"taxonomy":"category","embeddable":true,"href":"https:\/\/zonaroja.com.mx\/index.php?rest_route=%2Fwp%2Fv2%2Fcategories&post=31955"},{"taxonomy":"post_tag","embeddable":true,"href":"https:\/\/zonaroja.com.mx\/index.php?rest_route=%2Fwp%2Fv2%2Ftags&post=31955"}],"curies":[{"name":"wp","href":"https:\/\/api.w.org\/{rel}","templated":true}]}}