{"id":31964,"date":"2021-09-12T21:38:56","date_gmt":"2021-09-13T02:38:56","guid":{"rendered":"http:\/\/www.zonaroja.com.mx\/?p=31964"},"modified":"2021-09-12T21:38:59","modified_gmt":"2021-09-13T02:38:59","slug":"asesinan-a-otras-dos-mujeres-en-oaxaca-suman-cuatro-este-domingo","status":"publish","type":"post","link":"https:\/\/zonaroja.com.mx\/?p=31964","title":{"rendered":"Asesinan a otras dos mujeres en Oaxaca; suman cuatro este domingo"},"content":{"rendered":"\n<p>Ismael Garc\u00eda M.\/Zona Roja.<\/p>\n\n\n\n<p>Oaxaca de Ju\u00e1rez, Oax., 12 de septiembre de 2021.- Otras dos mujeres fueron asesinadas este domingo en Oaxaca, ahora en San Pedro Totol\u00e1pam, municipio distante a unos 100 kil\u00f3metros de la capital.<\/p>\n\n\n\n<p>Con este caso suman cuatro femeninas ultimadas a balazos este d\u00eda y son en total seis homicidios en las \u00faltimas 12 horas.<\/p>\n\n\n\n<p>A un restaurante denominado \u201cLos Almendros\u201d de Totol\u00e1pam, ubicado a un costado de la carretera federal Oaxaca-Istmo, ingresaron sujetos armados, que dispararon contra integrantes de una familia.<\/p>\n\n\n\n<p>De acuerdo con reportes de la Polic\u00eda Estatal, en el lugar perdieron la vida tres personas, dos de ellas mujeres: Consuel R. M., de 47 a\u00f1os de edad; Emilia L. M., y Alfonso Reyes M\u00e1rquez, de 37 a\u00f1os.<\/p>\n\n\n\n<p>Como se inform\u00f3, este domingo fueron asesinadas a balazos dos mujeres; una de ellas en el municipio de Santa Mar\u00eda El Tule y otra en San Juan Bautista Tuxtepec.<\/p>\n\n\n\n<p>Como Karla Margarita G. de 23 a\u00f1os de edad, fue identificada la mujer asesinada la ma\u00f1ana de hoy en la colonia Grajales de Tuxtepec; dej\u00f3 dos menores en la orfandad y presuntamente laboraba en un medio de comunicaci\u00f3n.<\/p>\n\n\n\n<p>Por otra parte, en  jurisdicci\u00f3n de San Juan Guichicovi, este domingo fue ejecutado a balazos un taxista, que conduc\u00eda la unidad con n\u00famero econ\u00f3mico 048; los hechos sucedieron sobre la v\u00eda federal Trans\u00edstmica, en inmediaciones  de la comunidad de Piedra Blanca; la v\u00edctima a\u00fan no ha sido identificada.<\/p>\n\n\n\n<p><\/p>\n","protected":false},"excerpt":{"rendered":"<p>Ismael Garc\u00eda M.\/Zona Roja. Oaxaca de Ju\u00e1rez, Oax., 12 de septiembre de 2021.- Otras dos&hellip;<\/p>\n","protected":false},"author":2,"featured_media":2415,"comment_status":"closed","ping_status":"open","sticky":false,"template":"","format":"standard","meta":{"_lmt_disableupdate":"","_lmt_disable":"","_jetpack_memberships_contains_paid_content":false,"footnotes":""},"categories":[109,51],"tags":[1390],"class_list":["post-31964","post","type-post","status-publish","format-standard","has-post-thumbnail","hentry","category-minuto-a-minuto","category-zona-roja","tag-san-pedro-totolapam"],"jetpack_featured_media_url":"https:\/\/zonaroja.com.mx\/wp-content\/uploads\/2019\/07\/Totol\u00e1pam2.jpg","jetpack_sharing_enabled":true,"_links":{"self":[{"href":"https:\/\/zonaroja.com.mx\/index.php?rest_route=\/wp\/v2\/posts\/31964","targetHints":{"allow":["GET"]}}],"collection":[{"href":"https:\/\/zonaroja.com.mx\/index.php?rest_route=\/wp\/v2\/posts"}],"about":[{"href":"https:\/\/zonaroja.com.mx\/index.php?rest_route=\/wp\/v2\/types\/post"}],"author":[{"embeddable":true,"href":"https:\/\/zonaroja.com.mx\/index.php?rest_route=\/wp\/v2\/users\/2"}],"replies":[{"embeddable":true,"href":"https:\/\/zonaroja.com.mx\/index.php?rest_route=%2Fwp%2Fv2%2Fcomments&post=31964"}],"version-history":[{"count":1,"href":"https:\/\/zonaroja.com.mx\/index.php?rest_route=\/wp\/v2\/posts\/31964\/revisions"}],"predecessor-version":[{"id":31965,"href":"https:\/\/zonaroja.com.mx\/index.php?rest_route=\/wp\/v2\/posts\/31964\/revisions\/31965"}],"wp:featuredmedia":[{"embeddable":true,"href":"https:\/\/zonaroja.com.mx\/index.php?rest_route=\/wp\/v2\/media\/2415"}],"wp:attachment":[{"href":"https:\/\/zonaroja.com.mx\/index.php?rest_route=%2Fwp%2Fv2%2Fmedia&parent=31964"}],"wp:term":[{"taxonomy":"category","embeddable":true,"href":"https:\/\/zonaroja.com.mx\/index.php?rest_route=%2Fwp%2Fv2%2Fcategories&post=31964"},{"taxonomy":"post_tag","embeddable":true,"href":"https:\/\/zonaroja.com.mx\/index.php?rest_route=%2Fwp%2Fv2%2Ftags&post=31964"}],"curies":[{"name":"wp","href":"https:\/\/api.w.org\/{rel}","templated":true}]}}