{"id":31966,"date":"2021-09-12T22:13:18","date_gmt":"2021-09-13T03:13:18","guid":{"rendered":"http:\/\/www.zonaroja.com.mx\/?p=31966"},"modified":"2021-09-12T22:13:20","modified_gmt":"2021-09-13T03:13:20","slug":"oaxaca-en-primera-semana-en-semaforo-amarillo-2346-contagios-y-161-muertes","status":"publish","type":"post","link":"https:\/\/zonaroja.com.mx\/?p=31966","title":{"rendered":"Oaxaca en primera semana en sem\u00e1foro amarillo: 2,346 contagios y 161 muertes"},"content":{"rendered":"\n<p>Redacci\u00f3n\/Zona Roja.<\/p>\n\n\n\n<p>Oaxaca de Ju\u00e1rez, Oax.&nbsp; 12 de septiembre de 2021.- La dependencia Servicios de Salud de Oaxaca inform\u00f3 que del 5 al 11 de septiembre, la entidad registr\u00f3 un acumulado de 71 mil 887 casos confirmados de Covid-19, observando una disminuci\u00f3n de 611 casos esta semana con respecto a la anterior.<\/p>\n\n\n\n<p>Adem\u00e1s, seg\u00fan la sumatoria, en el mismo lapso, se registraron dos mil 346 casos positivos, un promedio de 335 casos diarios; el martes 7 de septiembre fue el de mayor n\u00famero de casos, con 493.<\/p>\n\n\n\n<p>En un comunicado, detall\u00f3 adem\u00e1s que el promedio de la red hospitalaria para la atenci\u00f3n de pacientes con esta enfermedad respiratoria fue del 64.1%. Y esta semana se reportaron 161 desafortunados decesos a causa de esta patolog\u00eda.<\/p>\n\n\n\n<p>De acuerdo con la medici\u00f3n de los indicadores de riesgo establecidos por el Gobierno Federal, la entidad seguir\u00e1 hasta el 19 de septiembre en sem\u00e1foro color amarillo.<\/p>\n\n\n\n<figure class=\"wp-block-embed-twitter wp-block-embed is-type-rich is-provider-twitter\"><div class=\"wp-block-embed__wrapper\">\n<div class=\"twitter-tweet\"><blockquote class=\"twitter-tweet\" data-lang=\"es\"><p lang=\"es\" dir=\"ltr\"><a href=\"https:\/\/twitter.com\/hashtag\/%C3%9AltimoMinuto?src=hash&amp;ref_src=twsrc%5Etfw\">#\u00daltimoMinuto<\/a> <br>Los <a href=\"https:\/\/twitter.com\/SSO_GobOax?ref_src=twsrc%5Etfw\">@SSO_GobOax<\/a> reportan este domingo 194 casos positivos a Covid-19, con lo que suman 72 mil 081 casos confirmados.<br>As\u00ed tambi\u00e9n, 21 defunciones, para un total de 4 mil 890 decesos. <br>Ocupaci\u00f3n hospitalaria promedio al 59.8%; 11 hospitales llenos.<a href=\"https:\/\/twitter.com\/hashtag\/Qu%C3%A9dateEnCasa?src=hash&amp;ref_src=twsrc%5Etfw\">#Qu\u00e9dateEnCasa<\/a> <a href=\"https:\/\/t.co\/vco1yVhT4j\">pic.twitter.com\/vco1yVhT4j<\/a><\/p>&mdash; Zona Roja Oaxaca (@Zona_Roja_Oax) <a href=\"https:\/\/twitter.com\/Zona_Roja_Oax\/status\/1437229083474243585?ref_src=twsrc%5Etfw\">13 de septiembre de 2021<\/a><\/blockquote><\/div>\n<\/div><\/figure>\n\n\n\n<p>Lo que significa que el riesgo de contagio por Covid-19 es medio, sin embargo, a pesar del color en el sem\u00e1foro, es importante que toda la poblaci\u00f3n contin\u00fae aplicando todas las medidas de prevenci\u00f3n para desacelerar la pandemia, puntualiz\u00f3.<\/p>\n\n\n\n<p>Asimismo, sostuvo que siguiendo la Estrategia de la Pol\u00edtica Nacional de Vacunaci\u00f3n contra el virus SARS-CoV-2 para la prevenci\u00f3n de la COVID-19 en M\u00e9xico, durante los \u00faltimos siete d\u00edas se aplicaron m\u00e1s de 45 mil primeras dosis del biol\u00f3gico Pfizer-BioNTech en Valles Centrales, Istmo de Tehuantepec y Costa como parte de la vacunaci\u00f3n emergente en poblaci\u00f3n mayor de 18 a\u00f1os y rezagados. As\u00ed como, segundas dosis de la farmac\u00e9utica AstraZeneca en el grupo etario de 40 a 59 a\u00f1os.<\/p>\n\n\n\n<p>Dijo que, independientemente del color en el sem\u00e1foro epidemiol\u00f3gico o de haber recibido la vacuna contra este Coronavirus, \u201cdebemos seguir cuidando nuestra salud y aplicar las medidas sanitarias como el uso correcto del cubrebocas, lavado frecuente de manos, mantener la sana distancia y evitar acudir a lugares concurridos\u201d.<\/p>\n","protected":false},"excerpt":{"rendered":"<p>Redacci\u00f3n\/Zona Roja. Oaxaca de Ju\u00e1rez, Oax.&nbsp; 12 de septiembre de 2021.- La dependencia Servicios de&hellip;<\/p>\n","protected":false},"author":2,"featured_media":31967,"comment_status":"closed","ping_status":"open","sticky":false,"template":"","format":"standard","meta":{"_lmt_disableupdate":"","_lmt_disable":"","_jetpack_memberships_contains_paid_content":false,"footnotes":""},"categories":[109,47],"tags":[1512],"class_list":["post-31966","post","type-post","status-publish","format-standard","has-post-thumbnail","hentry","category-minuto-a-minuto","category-zona-gris","tag-coronavirus-oaxaca"],"jetpack_featured_media_url":"https:\/\/zonaroja.com.mx\/wp-content\/uploads\/2021\/09\/12-de-septiembre-de-2021-Comunicado-te\u0301cnico.jpg","jetpack_sharing_enabled":true,"_links":{"self":[{"href":"https:\/\/zonaroja.com.mx\/index.php?rest_route=\/wp\/v2\/posts\/31966","targetHints":{"allow":["GET"]}}],"collection":[{"href":"https:\/\/zonaroja.com.mx\/index.php?rest_route=\/wp\/v2\/posts"}],"about":[{"href":"https:\/\/zonaroja.com.mx\/index.php?rest_route=\/wp\/v2\/types\/post"}],"author":[{"embeddable":true,"href":"https:\/\/zonaroja.com.mx\/index.php?rest_route=\/wp\/v2\/users\/2"}],"replies":[{"embeddable":true,"href":"https:\/\/zonaroja.com.mx\/index.php?rest_route=%2Fwp%2Fv2%2Fcomments&post=31966"}],"version-history":[{"count":1,"href":"https:\/\/zonaroja.com.mx\/index.php?rest_route=\/wp\/v2\/posts\/31966\/revisions"}],"predecessor-version":[{"id":31968,"href":"https:\/\/zonaroja.com.mx\/index.php?rest_route=\/wp\/v2\/posts\/31966\/revisions\/31968"}],"wp:featuredmedia":[{"embeddable":true,"href":"https:\/\/zonaroja.com.mx\/index.php?rest_route=\/wp\/v2\/media\/31967"}],"wp:attachment":[{"href":"https:\/\/zonaroja.com.mx\/index.php?rest_route=%2Fwp%2Fv2%2Fmedia&parent=31966"}],"wp:term":[{"taxonomy":"category","embeddable":true,"href":"https:\/\/zonaroja.com.mx\/index.php?rest_route=%2Fwp%2Fv2%2Fcategories&post=31966"},{"taxonomy":"post_tag","embeddable":true,"href":"https:\/\/zonaroja.com.mx\/index.php?rest_route=%2Fwp%2Fv2%2Ftags&post=31966"}],"curies":[{"name":"wp","href":"https:\/\/api.w.org\/{rel}","templated":true}]}}