{"id":3197,"date":"2019-08-19T15:07:25","date_gmt":"2019-08-19T20:07:25","guid":{"rendered":"http:\/\/www.zonaroja.com.mx\/?p=3197"},"modified":"2019-08-19T16:34:33","modified_gmt":"2019-08-19T21:34:33","slug":"retienen-a-vicefiscal-de-la-costa-por-feminicidios-y-nulas-investigaciones","status":"publish","type":"post","link":"https:\/\/zonaroja.com.mx\/?p=3197","title":{"rendered":"Retienen a vicefiscal de la Costa, por feminicidios y nulas investigaciones"},"content":{"rendered":"\n<p>Redacci\u00f3n\/Zona Roja.<\/p>\n\n\n\n<p>Oaxaca de Ju\u00e1rez, Oax., 19 de agosto de\n2019.- Decenas de personas marcharon este lunes por las principales calles de\nPuerto Escondido, uno de los tres principales destinos tur\u00edsticos de la entidad\noaxaque\u00f1a, para exigir alto a la violencia en contra de las mujeres y justicia\npor los feminicidios.<\/p>\n\n\n\n<p>Lo anterior luego del asesinato de la\njoven Mar\u00eda Eugenia, cuyo cuerpo fue localizado semidesnudo en un camino de\nterracer\u00eda que comunica a Playa Colorada de Puerto Escondido y que pese a las\ncondiciones en que se localiz\u00f3, la Fiscal\u00eda General del Estado inform\u00f3 que la\ncausa de la muerte fue por una broncoaspiraci\u00f3n y no un crimen.<\/p>\n\n\n\n<p>Con vestimenta blanca y pancartas en mano, las y los manifestantes expresaban su indignaci\u00f3n y exigencia de justicia por medio de consignas como: \u201cSe lo debemos a las que no volvieron\u201d, \u201cEstoy aqu\u00ed para que ma\u00f1ana no est\u00e9n aqu\u00ed por m\u00ed\u201d, \u201cNi una m\u00e1s, ni una menos\u201d y \u201cJusticia para Maru\u201d.<\/p>\n\n\n\n<figure class=\"wp-block-embed-twitter wp-block-embed is-type-rich is-provider-twitter\"><div class=\"wp-block-embed__wrapper\">\n<div class=\"twitter-tweet\"><blockquote class=\"twitter-tweet\" data-lang=\"es\"><p lang=\"es\" dir=\"ltr\"><a href=\"https:\/\/twitter.com\/hashtag\/OaxacaRojo?src=hash&amp;ref_src=twsrc%5Etfw\">#OaxacaRojo<\/a><br>En Puerto Escondido, recriminan que la <a href=\"https:\/\/twitter.com\/FISCALIA_GobOax?ref_src=twsrc%5Etfw\">@FISCALIA_GobOax<\/a> haya descartado como feminicidio la muerte de la joven Mar\u00eda Eugenia;hoy marcharon y encerraron en la c\u00e1rcel al Vicefiscal de la Regi\u00f3n de la Costa, Alejandro Pe\u00f1a, por omisiones y negligencia en investigaciones. <a href=\"https:\/\/t.co\/u1P5InFm9J\">pic.twitter.com\/u1P5InFm9J<\/a><\/p>&mdash; Zona Roja Oaxaca (@MexRoja) <a href=\"https:\/\/twitter.com\/MexRoja\/status\/1163499725552795649?ref_src=twsrc%5Etfw\">19 de agosto de 2019<\/a><\/blockquote><\/div>\n<\/div><\/figure>\n\n\n\n<p>Al arribo de la marcha a las\ninstalaciones de la Viceficalia Regional de la Costa, con sede en Puerto\nEscondido, fue retenido el titular de la instancia, Alejandro Pe\u00f1a D\u00edaz, luego\nde acusarlo de falta de resultados en las investigaciones de delitos de alto\nimpacto, particularmente en los casos de feminicidios.<\/p>\n\n\n\n<p>\u201c\u00a1Queremos la verdad, queremos justicia!\u201d\ngritaban el grupo de manifestantes a las afueras de la instancia de procuraci\u00f3n\nde justicia, mientras el funcionario se justificaba en que no pod\u00eda dar\ninformaci\u00f3n mientras que no fuera autorizado por los familiares directos de la\njoven.<\/p>\n\n\n\n<p>Ante la insistencia de la poblaci\u00f3n, Alejandro Pe\u00f1a indic\u00f3 que cuentan con avances periciales y de entrevistas, a la par que reiter\u00f3 que la joven muri\u00f3 a consecuencia de una broncoaspiraci\u00f3n; sin embargo, mantienen la investigaci\u00f3n para saber porque el cuerpo de la joven apareci\u00f3 en las condiciones en la que fueron reportadas.<\/p>\n\n\n\n<figure class=\"wp-block-image\"><img decoding=\"async\" width=\"1024\" height=\"608\" src=\"http:\/\/www.zonaroja.com.mx\/wp-content\/uploads\/2019\/08\/Marcha-feminicidio-Puerto-Escondido-2-1024x608.jpg\" alt=\"\" class=\"wp-image-3198\" srcset=\"https:\/\/zonaroja.com.mx\/wp-content\/uploads\/2019\/08\/Marcha-feminicidio-Puerto-Escondido-2-1024x608.jpg 1024w, https:\/\/zonaroja.com.mx\/wp-content\/uploads\/2019\/08\/Marcha-feminicidio-Puerto-Escondido-2-300x178.jpg 300w, https:\/\/zonaroja.com.mx\/wp-content\/uploads\/2019\/08\/Marcha-feminicidio-Puerto-Escondido-2-768x456.jpg 768w, https:\/\/zonaroja.com.mx\/wp-content\/uploads\/2019\/08\/Marcha-feminicidio-Puerto-Escondido-2-1170x695.jpg 1170w, https:\/\/zonaroja.com.mx\/wp-content\/uploads\/2019\/08\/Marcha-feminicidio-Puerto-Escondido-2-585x347.jpg 585w, https:\/\/zonaroja.com.mx\/wp-content\/uploads\/2019\/08\/Marcha-feminicidio-Puerto-Escondido-2.jpg 1280w\" sizes=\"(max-width: 1024px) 100vw, 1024px\" \/><\/figure>\n\n\n\n<p>Se desmarc\u00f3 de la responsabilidad para\nla no repetici\u00f3n de casos, asegurando que la prevenci\u00f3n del delito le\ncorresponde a otras instancias.<\/p>\n\n\n\n<p>\u201cNosotros somos el \u00e1rea de la\ninvestigaci\u00f3n del delito, la prevenci\u00f3n no es mi \u00e1rea no me toca a m\u00ed, eso\ndeben pregunt\u00e1rselo a otras instancias como la municipal incluso a la misma\nsociedad de qu\u00e9 est\u00e1 pasando en la localidad\u201d, asegur\u00f3 en medio de otras\npreguntas que lanz\u00f3 el grupo de manifestantes.<\/p>\n","protected":false},"excerpt":{"rendered":"<p>Redacci\u00f3n\/Zona Roja. Oaxaca de Ju\u00e1rez, Oax., 19 de agosto de 2019.- Decenas de personas marcharon&hellip;<\/p>\n","protected":false},"author":2,"featured_media":3204,"comment_status":"closed","ping_status":"open","sticky":false,"template":"","format":"standard","meta":{"_lmt_disableupdate":"","_lmt_disable":"","_jetpack_memberships_contains_paid_content":false,"footnotes":""},"categories":[109,51],"tags":[573],"class_list":["post-3197","post","type-post","status-publish","format-standard","has-post-thumbnail","hentry","category-minuto-a-minuto","category-zona-roja","tag-feminicidio-puerto-escondido"],"jetpack_featured_media_url":"https:\/\/zonaroja.com.mx\/wp-content\/uploads\/2019\/08\/IMG_9923.jpg","jetpack_sharing_enabled":true,"_links":{"self":[{"href":"https:\/\/zonaroja.com.mx\/index.php?rest_route=\/wp\/v2\/posts\/3197","targetHints":{"allow":["GET"]}}],"collection":[{"href":"https:\/\/zonaroja.com.mx\/index.php?rest_route=\/wp\/v2\/posts"}],"about":[{"href":"https:\/\/zonaroja.com.mx\/index.php?rest_route=\/wp\/v2\/types\/post"}],"author":[{"embeddable":true,"href":"https:\/\/zonaroja.com.mx\/index.php?rest_route=\/wp\/v2\/users\/2"}],"replies":[{"embeddable":true,"href":"https:\/\/zonaroja.com.mx\/index.php?rest_route=%2Fwp%2Fv2%2Fcomments&post=3197"}],"version-history":[{"count":1,"href":"https:\/\/zonaroja.com.mx\/index.php?rest_route=\/wp\/v2\/posts\/3197\/revisions"}],"predecessor-version":[{"id":3200,"href":"https:\/\/zonaroja.com.mx\/index.php?rest_route=\/wp\/v2\/posts\/3197\/revisions\/3200"}],"wp:featuredmedia":[{"embeddable":true,"href":"https:\/\/zonaroja.com.mx\/index.php?rest_route=\/wp\/v2\/media\/3204"}],"wp:attachment":[{"href":"https:\/\/zonaroja.com.mx\/index.php?rest_route=%2Fwp%2Fv2%2Fmedia&parent=3197"}],"wp:term":[{"taxonomy":"category","embeddable":true,"href":"https:\/\/zonaroja.com.mx\/index.php?rest_route=%2Fwp%2Fv2%2Fcategories&post=3197"},{"taxonomy":"post_tag","embeddable":true,"href":"https:\/\/zonaroja.com.mx\/index.php?rest_route=%2Fwp%2Fv2%2Ftags&post=3197"}],"curies":[{"name":"wp","href":"https:\/\/api.w.org\/{rel}","templated":true}]}}