{"id":31975,"date":"2021-09-13T09:31:46","date_gmt":"2021-09-13T14:31:46","guid":{"rendered":"http:\/\/www.zonaroja.com.mx\/?p=31975"},"modified":"2021-09-13T09:31:49","modified_gmt":"2021-09-13T14:31:49","slug":"privilegia-el-ieepo-dialogo-y-colaboracion-con-autoridades-municipales","status":"publish","type":"post","link":"https:\/\/zonaroja.com.mx\/?p=31975","title":{"rendered":"Privilegia el IEEPO di\u00e1logo y colaboraci\u00f3n con autoridades municipales"},"content":{"rendered":"\n<p>Redacci\u00f3n\/Zona Roja.<\/p>\n\n\n\n<p>Oaxaca de Ju\u00e1rez, Oax. 13 de septiembre de 2021.- Fortalecer el di\u00e1logo y la colaboraci\u00f3n con autoridades municipales en funciones y electas, es eje fundamental para mejorar la educaci\u00f3n en la entidad; por ello, el director general del Instituto Estatal de Educaci\u00f3n P\u00fablica de Oaxaca (IEEPO), Francisco \u00c1ngel Villarreal, ha establecido v\u00ednculos con presidentes municipales e integrantes de cabildos, en un trabajo en equipo.<\/p>\n\n\n\n<p>En el marco de la reciente gira de trabajo que realiz\u00f3 por la regi\u00f3n de la Cuenca del Papaloapan, el Director General del IEEPO convers\u00f3 con autoridades y legisladores locales y federales, con quienes encontr\u00f3 coincidencias en el trabajo que se realiza para seguir impulsando la educaci\u00f3n de ni\u00f1as, ni\u00f1os, adolescentes y j\u00f3venes, el centro del proceso educativo.<\/p>\n\n\n\n<p>Entre las autoridades con las cuales se reuni\u00f3 se encuentran el presidente municipal de Santa Mar\u00eda Jacatepec y diputado local electo del distrito 03, V\u00edctor Ra\u00fal Hern\u00e1ndez L\u00f3pez; el diputado federal de la 64 Legislatura, \u00c1ngel Dom\u00ednguez Escobar; los presidentes municipales electos de Loma Bonita, Felipe Reyes \u00c1lvarez; de San Jos\u00e9 Chiltepec, Javier Mart\u00ednez L\u00f3pez y de San Juan Bautista Valle Nacional, Heriberto Hern\u00e1ndez Santiago.<\/p>\n\n\n\n<p>Asimismo, en d\u00edas pasados dialog\u00f3 con el presidente municipal de Juchit\u00e1n de Zaragoza, Emilio Montero P\u00e9rez; la diputada local electa Reyna Victoria Jim\u00e9nez Cervantes; el Diputado Federal de la 64 Legislatura, Ir\u00e1n Santiago Manuel; el presidente municipal de San Agust\u00edn Loxicha, Mois\u00e9s Santiago Hern\u00e1ndez y el diputado local electo de Miahuatl\u00e1n, Jaime Santiago Ambrosio.<\/p>\n\n\n\n<p>Por otra parte, el director general del IEEPO, confirm\u00f3 que por segunda semana consecutiva, no se reportaron personas contagiadas por COVID-19 en escuelas de educaci\u00f3n b\u00e1sica de la entidad que realizan actividades semipresenciales.<\/p>\n\n\n\n<p>Indic\u00f3 que ello es un logro de quienes decidieron este camino, maestros, maestras, padres, madres de familia y la gran capacidad de ni\u00f1as, ni\u00f1os y adolescentes, cuyo regreso a las aulas fue consensuado, gradual, escalonado, mixto, acorde a las circunstancias propias de cada comunidad y con apego a los protocolos sanitarios establecidos y las nueve acciones de salud, limpieza e higiene recomendadas por la Secretar\u00eda de Educaci\u00f3n P\u00fablica (SEP).<\/p>\n","protected":false},"excerpt":{"rendered":"<p>Redacci\u00f3n\/Zona Roja. Oaxaca de Ju\u00e1rez, Oax. 13 de septiembre de 2021.- Fortalecer el di\u00e1logo y&hellip;<\/p>\n","protected":false},"author":2,"featured_media":31976,"comment_status":"closed","ping_status":"open","sticky":false,"template":"","format":"standard","meta":{"_lmt_disableupdate":"","_lmt_disable":"","_jetpack_memberships_contains_paid_content":false,"footnotes":""},"categories":[109,46],"tags":[2837],"class_list":["post-31975","post","type-post","status-publish","format-standard","has-post-thumbnail","hentry","category-minuto-a-minuto","category-zona-blanca","tag-instituto-estatal-de-educacion-publica-de-oaxaca-ieepo"],"jetpack_featured_media_url":"https:\/\/zonaroja.com.mx\/wp-content\/uploads\/2021\/09\/01-IEEPO-2-4.jpg","jetpack_sharing_enabled":true,"_links":{"self":[{"href":"https:\/\/zonaroja.com.mx\/index.php?rest_route=\/wp\/v2\/posts\/31975","targetHints":{"allow":["GET"]}}],"collection":[{"href":"https:\/\/zonaroja.com.mx\/index.php?rest_route=\/wp\/v2\/posts"}],"about":[{"href":"https:\/\/zonaroja.com.mx\/index.php?rest_route=\/wp\/v2\/types\/post"}],"author":[{"embeddable":true,"href":"https:\/\/zonaroja.com.mx\/index.php?rest_route=\/wp\/v2\/users\/2"}],"replies":[{"embeddable":true,"href":"https:\/\/zonaroja.com.mx\/index.php?rest_route=%2Fwp%2Fv2%2Fcomments&post=31975"}],"version-history":[{"count":1,"href":"https:\/\/zonaroja.com.mx\/index.php?rest_route=\/wp\/v2\/posts\/31975\/revisions"}],"predecessor-version":[{"id":31977,"href":"https:\/\/zonaroja.com.mx\/index.php?rest_route=\/wp\/v2\/posts\/31975\/revisions\/31977"}],"wp:featuredmedia":[{"embeddable":true,"href":"https:\/\/zonaroja.com.mx\/index.php?rest_route=\/wp\/v2\/media\/31976"}],"wp:attachment":[{"href":"https:\/\/zonaroja.com.mx\/index.php?rest_route=%2Fwp%2Fv2%2Fmedia&parent=31975"}],"wp:term":[{"taxonomy":"category","embeddable":true,"href":"https:\/\/zonaroja.com.mx\/index.php?rest_route=%2Fwp%2Fv2%2Fcategories&post=31975"},{"taxonomy":"post_tag","embeddable":true,"href":"https:\/\/zonaroja.com.mx\/index.php?rest_route=%2Fwp%2Fv2%2Ftags&post=31975"}],"curies":[{"name":"wp","href":"https:\/\/api.w.org\/{rel}","templated":true}]}}