{"id":31978,"date":"2021-09-13T09:41:45","date_gmt":"2021-09-13T14:41:45","guid":{"rendered":"http:\/\/www.zonaroja.com.mx\/?p=31978"},"modified":"2021-09-13T09:41:48","modified_gmt":"2021-09-13T14:41:48","slug":"opinion-un-senador-muy-verde-que-va-solo-con-el-verde","status":"publish","type":"post","link":"https:\/\/zonaroja.com.mx\/?p=31978","title":{"rendered":"Opini\u00f3n. Un senador muy verde que va solo con el Verde"},"content":{"rendered":"\n<p>Ismael Garc\u00eda M.\/Zona Roja.<\/p>\n\n\n\n<p>Oaxaca de Ju\u00e1rez, Oax., 13 de septiembre de 2021.- Sin tino pol\u00edtico y carente de experiencia, se refugi\u00f3 con su compa\u00f1ero el chiapaneco Manuel Velasco Coello y se asoci\u00f3 pol\u00edticamente con Ricardo Moreal \u00c1vila &#8211;que lo us\u00f3 aviesamente&#8211;, pero ambos est\u00e1n defenestrados por el poder presidencial omn\u00edmodo de L\u00f3pez Obrador.<\/p>\n\n\n\n<p>Y sabedor ya que no cuenta con el respaldo del \u00fanico que decide en el Partido Morena, el senador Ra\u00fal Bola\u00f1os Cacho Cu\u00e9 decidi\u00f3 su destape, el pasado mi\u00e9rcoles, como aspirante a la gubernatura de Oaxaca\u2026 s\u00f3lo por el PVEM.<\/p>\n\n\n\n<p>En v\u00edsperas, una entrevista a modo de un reportero local, enviado exprofeso, a Ricardo Monreal, desliz\u00f3 que Cacho Cu\u00e9, junto con Susana Harp y Salom\u00f3n Jara, ser\u00edan las propuestas de Morena para suceder a Alejandro Murat, pero deb\u00eda tener el visto presidencial.<\/p>\n\n\n\n<p>Ello s\u00f3lo sirvi\u00f3 para intentar motivar que el senador verde fuera contemplado por Morena; no obstante, en Oaxaca, los morenistas decidieron ya cerrarle el paso a cualquier ajeno al partido &#8211;incluyendo Luis Antonio Ram\u00edrez&#8211; y decidir\u00e1n s\u00f3lo entre dos nombres, Susana Harp o Salom\u00f3n Jara; la suerte estar\u00eda a favor de la morenista, al concretarse en breve que la candidata en el caso de Oaxaca deber\u00e1 ser mujer.<\/p>\n\n\n\n<p>(Por cierto, Salom\u00f3n Jara cumple un mes tras su operaci\u00f3n, sin salir a ning\u00fan acto p\u00fablico, lo que contradice sus declaraciones en redes sociales y boletines de que fue una intervenci\u00f3n quir\u00fargica leve y nada grave).<\/p>\n\n\n\n<p>\u00bfRa\u00fal Bola\u00f1os por el PRI? Los priistas, ahora mangoneados por Alejandro Avil\u00e9s, han decidido mantener su alianza con el PAN y el PRD, partidos extremadamente diezmados, para dar la batalla en las urnas el 5 de junio de 2022.<\/p>\n\n\n\n<p>Por lo pronto, el propio Avil\u00e9s fue placeado por el gobernador Alejandro Murat el 31 de agosto e incluso lo invit\u00f3 a grabar un video gubernamental, por el inicio de operaciones de Uber Taxi; en el Palacio de Gobierno, a prop\u00f3sito se dej\u00f3 retratar hablando al o\u00eddo con el diputado local.<\/p>\n\n\n\n<p>Pero lo mismo hizo Murat el pasado 7 de septiembre, un d\u00eda despu\u00e9s de iniciado formalmente el proceso electoral, al llevar de un lado para otro a Bola\u00f1os Cacho Cu\u00e9.<\/p>\n\n\n\n<p>M\u00e1s prudente pero m\u00e1s movido en el interior del estado, Francisco \u00c1ngel Villarreal, que tambi\u00e9n estar\u00eda anotado entre los aspirantes priistas, adem\u00e1s de Eviel P\u00e9rez Maga\u00f1a.<\/p>\n\n\n\n<p>El PAN tiene sus propias cartas y pretende amagar con impulsar Natividad D\u00edaz Jim\u00e9nez o a la oficialista Eufrosina Cruz Mendoza; el PRD, por su parte, ya no tiene militantes\u2026 ni dirigencia.<\/p>\n\n\n\n<p>Los partidos chicos, tendr\u00e1n que servir para acomodo de los que ser\u00e1n desechados por las coaliciones o partidos grandes; por lo pronto, Salom\u00f3n Jara mantiene pl\u00e1ticas con Fuerza por M\u00e9xico, de Ricardo Monreal, y con el PT, aunque negociar con Benjam\u00edn Robles ser\u00e1 a precio de oro.<\/p>\n\n\n\n<p>Es as\u00ed que Ra\u00fal Bola\u00f1os Cacho Cu\u00e9 no tiene m\u00e1s que el Partido Verde Ecologista de M\u00e9xico, que solitario, no ha logrado absolutamente nada como partido; la alianza con Morena ya est\u00e1 pagada con Jos\u00e9 Antonio Estefan Guillessen, que ahora es diputado federal por ambos partidos.<\/p>\n\n\n\n<p>Cacho Cu\u00e9 no las tiene consigo: arrastra m\u00faltiples adeudos desde la campa\u00f1a de senador, en 2018, elecci\u00f3n que perdi\u00f3 y s\u00f3lo entr\u00f3 como primera minor\u00eda.<\/p>\n\n\n\n<p>En los tres a\u00f1os que lleva como senador, jam\u00e1s ha regresado a las comunidades del estado, que s\u00f3lo recorri\u00f3 cuando aspiraba a la C\u00e1mara alta.<\/p>\n\n\n\n<p>Tampoco se ha pronunciado en tribuna a favor del estado que representa y s\u00f3lo sirvi\u00f3 como marioneta de Monreal para intentar congraciarse con el presidente L\u00f3pez Obrador, en el tema de la reelecci\u00f3n o continuidad del presidente de la Suprema Corte de Justicia de la Naci\u00f3n, que rechaz\u00f3 ilegal el favor que le hac\u00edan.<\/p>\n\n\n\n<p>As\u00ed que el imberbe Ra\u00fal Bola\u00f1os Cacho Cu\u00e9 ser\u00e1 candidato a gobernador, por el PVEM y quiz\u00e1 otro partido minoritario\u2026 pero ser\u00e1 plan con ma\u00f1ana, porque una vez que pida licencia, lo suceder\u00e1 su suplente Javier Villaca\u00f1a Jim\u00e9nez, que ya apalabr\u00f3 quedarse por los tres a\u00f1os restantes, tras el fracaso del senador verde en su aventura.<\/p>\n","protected":false},"excerpt":{"rendered":"<p>Ismael Garc\u00eda M.\/Zona Roja. Oaxaca de Ju\u00e1rez, Oax., 13 de septiembre de 2021.- Sin tino&hellip;<\/p>\n","protected":false},"author":2,"featured_media":7610,"comment_status":"closed","ping_status":"open","sticky":false,"template":"","format":"standard","meta":{"_lmt_disableupdate":"","_lmt_disable":"","_jetpack_memberships_contains_paid_content":false,"footnotes":""},"categories":[109,47],"tags":[1353],"class_list":["post-31978","post","type-post","status-publish","format-standard","has-post-thumbnail","hentry","category-minuto-a-minuto","category-zona-gris","tag-opinion-zona-critica"],"jetpack_featured_media_url":"https:\/\/zonaroja.com.mx\/wp-content\/uploads\/2020\/01\/Opini\u00f3n-Zona-Cr\u00edtica.jpg","jetpack_sharing_enabled":true,"_links":{"self":[{"href":"https:\/\/zonaroja.com.mx\/index.php?rest_route=\/wp\/v2\/posts\/31978","targetHints":{"allow":["GET"]}}],"collection":[{"href":"https:\/\/zonaroja.com.mx\/index.php?rest_route=\/wp\/v2\/posts"}],"about":[{"href":"https:\/\/zonaroja.com.mx\/index.php?rest_route=\/wp\/v2\/types\/post"}],"author":[{"embeddable":true,"href":"https:\/\/zonaroja.com.mx\/index.php?rest_route=\/wp\/v2\/users\/2"}],"replies":[{"embeddable":true,"href":"https:\/\/zonaroja.com.mx\/index.php?rest_route=%2Fwp%2Fv2%2Fcomments&post=31978"}],"version-history":[{"count":1,"href":"https:\/\/zonaroja.com.mx\/index.php?rest_route=\/wp\/v2\/posts\/31978\/revisions"}],"predecessor-version":[{"id":31979,"href":"https:\/\/zonaroja.com.mx\/index.php?rest_route=\/wp\/v2\/posts\/31978\/revisions\/31979"}],"wp:featuredmedia":[{"embeddable":true,"href":"https:\/\/zonaroja.com.mx\/index.php?rest_route=\/wp\/v2\/media\/7610"}],"wp:attachment":[{"href":"https:\/\/zonaroja.com.mx\/index.php?rest_route=%2Fwp%2Fv2%2Fmedia&parent=31978"}],"wp:term":[{"taxonomy":"category","embeddable":true,"href":"https:\/\/zonaroja.com.mx\/index.php?rest_route=%2Fwp%2Fv2%2Fcategories&post=31978"},{"taxonomy":"post_tag","embeddable":true,"href":"https:\/\/zonaroja.com.mx\/index.php?rest_route=%2Fwp%2Fv2%2Ftags&post=31978"}],"curies":[{"name":"wp","href":"https:\/\/api.w.org\/{rel}","templated":true}]}}