{"id":31983,"date":"2021-09-13T15:57:44","date_gmt":"2021-09-13T20:57:44","guid":{"rendered":"http:\/\/www.zonaroja.com.mx\/?p=31983"},"modified":"2021-09-13T15:57:46","modified_gmt":"2021-09-13T20:57:46","slug":"une-marquez-heine-a-cinco-sindicatos-en-su-contra-y-le-protestan","status":"publish","type":"post","link":"https:\/\/zonaroja.com.mx\/?p=31983","title":{"rendered":"Une M\u00e1rquez Heine a cinco sindicatos en su contra y le protestan"},"content":{"rendered":"\n<p>Evlin Arag\u00f3n\/Zona Roja.<\/p>\n\n\n\n<p>Oaxaca de Ju\u00e1rez, Oax., 13 de septiembre de 2021.- Integrantes de por lo menos cinco sindicatos de los Servicios de Salud de Oaxaca (SSO) marcharon este lunes por las principales calles de la ciudad para exigir que no se cancele la recontrataci\u00f3n del personal que actualmente se ha visto afectado en su derecho laboral.&nbsp;<\/p>\n\n\n\n<p>Durante su movilizaci\u00f3n, reprocharon la insensibilidad del titular de la dependencia, Juan Carlos M\u00e1rquez Heine, por no entender y atender las demandas de quienes requieren un empleo.<\/p>\n\n\n\n<p>Como parte de sus actividades de protesta, las y los trabajadores bloquearon el cruce de la calzada H\u00e9roes de Chapultepec y avenida Ju\u00e1rez, misma que conecta al centro de la ciudad con la zona norte, situaci\u00f3n que ocasion\u00f3 caos vehicular en la zona y malestar ciudadano.&nbsp;<\/p>\n\n\n\n<p>Seg\u00fan dijeron, se trata de cinco mil 600 trabajadoras y trabajadores los que ser\u00e1n despedidos por la administraci\u00f3n actual, lo cual han venido denunciando desde hace semanas integrantes del Sindicato Independiente de Trabajadores y Profesionales de la Salud (Sityps) quienes mantiene un plant\u00f3n indefinido desde hace cuatro semanas a las afueras de Casa Oficial.&nbsp;<\/p>\n\n\n\n<p>Mar\u00eda del Carmen Noriega Ag\u00fcero, secretaria general de Sindicato Independiente de Trabajadores del Sector Salud, asegur\u00f3 que el despido masivo de personal eventual de todas las ramas es real, y se consumar\u00e1 a partir del pr\u00f3ximo 15 de septiembre.<\/p>\n\n\n\n<figure class=\"wp-block-embed-twitter wp-block-embed is-type-rich is-provider-twitter\"><div class=\"wp-block-embed__wrapper\">\n<div class=\"twitter-tweet\"><blockquote class=\"twitter-tweet\" data-lang=\"es\"><p lang=\"es\" dir=\"ltr\"><a href=\"https:\/\/twitter.com\/hashtag\/%C3%9AltimoMinuto?src=hash&amp;ref_src=twsrc%5Etfw\">#\u00daltimoMinuto<\/a> <br>Trabajadores de diversos sindicatos del sector salud de <a href=\"https:\/\/twitter.com\/hashtag\/Oaxaca?src=hash&amp;ref_src=twsrc%5Etfw\">#Oaxaca<\/a>, retiran su bloqueo a la calzada H\u00e9roes de Chapultepec y reanudan su marcha hacia el centro de la capital. <a href=\"https:\/\/t.co\/8zNjBuJK3w\">pic.twitter.com\/8zNjBuJK3w<\/a><\/p>&mdash; Zona Roja Oaxaca (@Zona_Roja_Oax) <a href=\"https:\/\/twitter.com\/Zona_Roja_Oax\/status\/1437450852663382016?ref_src=twsrc%5Etfw\">13 de septiembre de 2021<\/a><\/blockquote><\/div>\n<\/div><\/figure>\n\n\n\n<p>Explic\u00f3 que se trata de m\u00e1s de cinco mil personas las que est\u00e1n en riesgo de perder su trabajo y con ello la fuente de ingreso para el sustento de sus familias, raz\u00f3n por la que se vieron obligados a accionar, toda vez que las autoridades argumentan una falta de recursos que los mismos funcionarios provocaron.&nbsp;<\/p>\n\n\n\n<p>\u201cSi no ten\u00edan dinero para que los contrataron. Consideramos que la contrataci\u00f3n del personal se hizo de manera irresponsable pero no por ello merecen quedarse sin el sustento diario por la incompetencia de las autoridades\u201d, dijo.&nbsp;<\/p>\n\n\n\n<p>Noriega Ag\u00fcero detall\u00f3 que todo el personal en riesgo de perder su empleo labor\u00f3 durante la pandemia y cuenta con una antig\u00fcedad de cinco a 20 a\u00f1os brindando el servicio, a la par que aclar\u00f3 no se trata de aviadores, que lamentablemente s\u00ed los hay al interior de la dependencia.<\/p>\n\n\n\n<p>\u201cLos eventuales fueron los que enfrentaron la pandemia, los de base fueron resguardados en sus casas y se les cubri\u00f3 su sueldo sin ning\u00fan tipo de reducci\u00f3n de por medio, lo anterior es injusto para quienes arriesgaron la vida atendiendo a la poblaci\u00f3n\u201d, sentenci\u00f3.<\/p>\n\n\n\n<p>Por lo anterior, se pronunci\u00f3 a favor de la recontrataci\u00f3n y pidi\u00f3 el cese a los despidos de trabajadoras y trabajadores al interior de los Servicios de Salud, que atraviesan por una grave crisis provocada por sus administradores.&nbsp;<\/p>\n\n\n\n<p>Dentro de los grupos manifestantes se encontraban el Frente Nacional de Trabajadores de Salud de la Rep\u00fablica Mexicana, el Sindicato Independiente Nacional de Trabajadores de la Salud, el Sindicato Independiente de Trabajadores y Profesionales de la Salud y el Sindicato Independiente del Sector Salud.<\/p>\n\n\n\n<p>La marcha parti\u00f3 de la fuente de las Ocho Regiones; hizo una parada con bloqueo en la calzada H\u00e9roes de Chapultepec y continu\u00f3 luego por la avenida Ju\u00e1rez, hasta la calzada de la Rep\u00fablica, donde se encuentran unas oficinas de los SSO.<\/p>\n\n\n\n<p>Reanudaron su marcha con rumbo al z\u00f3calo y en el Palacio de Gobierno intentaron entregar un escrito, pero nadie sali\u00f3 a atenderlos.<\/p>\n\n\n\n<figure class=\"wp-block-embed-twitter wp-block-embed is-type-rich is-provider-twitter\"><div class=\"wp-block-embed__wrapper\">\n<div class=\"twitter-tweet\"><blockquote class=\"twitter-tweet\" data-lang=\"es\"><p lang=\"es\" dir=\"ltr\"><a href=\"https:\/\/twitter.com\/hashtag\/ENVIVO?src=hash&amp;ref_src=twsrc%5Etfw\">#ENVIVO<\/a> <br>Oaxaca de Ju\u00e1rez, Oax., 13 de septiembre de 2021.- Afiliados a cinco sindicatos de los <a href=\"https:\/\/twitter.com\/SSO_GobOax?ref_src=twsrc%5Etfw\">@SSO_GobOax<\/a> marchan para exigir que no se cancelen recontrataciones de personal. Bloquean adem\u00e1s un crucero vial de la ciudad. <br><br>Aqu\u00ed la transmisi\u00f3n: \ud83d\udc47<a href=\"https:\/\/t.co\/qYxLkFHRNr\">https:\/\/t.co\/qYxLkFHRNr<\/a><\/p>&mdash; Zona Roja Oaxaca (@Zona_Roja_Oax) <a href=\"https:\/\/twitter.com\/Zona_Roja_Oax\/status\/1437445684689469442?ref_src=twsrc%5Etfw\">13 de septiembre de 2021<\/a><\/blockquote><\/div>\n<\/div><\/figure>\n","protected":false},"excerpt":{"rendered":"<p>Evlin Arag\u00f3n\/Zona Roja. Oaxaca de Ju\u00e1rez, Oax., 13 de septiembre de 2021.- Integrantes de por&hellip;<\/p>\n","protected":false},"author":2,"featured_media":31984,"comment_status":"closed","ping_status":"open","sticky":false,"template":"","format":"standard","meta":{"_lmt_disableupdate":"","_lmt_disable":"","_jetpack_memberships_contains_paid_content":false,"footnotes":""},"categories":[109,47],"tags":[1005],"class_list":["post-31983","post","type-post","status-publish","format-standard","has-post-thumbnail","hentry","category-minuto-a-minuto","category-zona-gris","tag-servicios-de-salud-de-oaxaca-sso"],"jetpack_featured_media_url":"https:\/\/zonaroja.com.mx\/wp-content\/uploads\/2021\/09\/Protesta-sindicatos-salud.jpg","jetpack_sharing_enabled":true,"_links":{"self":[{"href":"https:\/\/zonaroja.com.mx\/index.php?rest_route=\/wp\/v2\/posts\/31983","targetHints":{"allow":["GET"]}}],"collection":[{"href":"https:\/\/zonaroja.com.mx\/index.php?rest_route=\/wp\/v2\/posts"}],"about":[{"href":"https:\/\/zonaroja.com.mx\/index.php?rest_route=\/wp\/v2\/types\/post"}],"author":[{"embeddable":true,"href":"https:\/\/zonaroja.com.mx\/index.php?rest_route=\/wp\/v2\/users\/2"}],"replies":[{"embeddable":true,"href":"https:\/\/zonaroja.com.mx\/index.php?rest_route=%2Fwp%2Fv2%2Fcomments&post=31983"}],"version-history":[{"count":1,"href":"https:\/\/zonaroja.com.mx\/index.php?rest_route=\/wp\/v2\/posts\/31983\/revisions"}],"predecessor-version":[{"id":31985,"href":"https:\/\/zonaroja.com.mx\/index.php?rest_route=\/wp\/v2\/posts\/31983\/revisions\/31985"}],"wp:featuredmedia":[{"embeddable":true,"href":"https:\/\/zonaroja.com.mx\/index.php?rest_route=\/wp\/v2\/media\/31984"}],"wp:attachment":[{"href":"https:\/\/zonaroja.com.mx\/index.php?rest_route=%2Fwp%2Fv2%2Fmedia&parent=31983"}],"wp:term":[{"taxonomy":"category","embeddable":true,"href":"https:\/\/zonaroja.com.mx\/index.php?rest_route=%2Fwp%2Fv2%2Fcategories&post=31983"},{"taxonomy":"post_tag","embeddable":true,"href":"https:\/\/zonaroja.com.mx\/index.php?rest_route=%2Fwp%2Fv2%2Ftags&post=31983"}],"curies":[{"name":"wp","href":"https:\/\/api.w.org\/{rel}","templated":true}]}}