{"id":31989,"date":"2021-09-13T16:20:08","date_gmt":"2021-09-13T21:20:08","guid":{"rendered":"http:\/\/www.zonaroja.com.mx\/?p=31989"},"modified":"2021-09-13T16:20:11","modified_gmt":"2021-09-13T21:20:11","slug":"llegan-de-nuevo-temas-de-oaxaca-a-la-mananera-de-amlo","status":"publish","type":"post","link":"https:\/\/zonaroja.com.mx\/?p=31989","title":{"rendered":"Llegan de nuevo temas de Oaxaca a la \u201cma\u00f1anera\u201d de AMLO"},"content":{"rendered":"\n<p>Evlin Arag\u00f3n\/Zona Roja.<\/p>\n\n\n\n<p>Oaxaca de Ju\u00e1rez, Oax., 13 de septiembre de 2021.- Las problem\u00e1ticas del estado de Oaxaca llegaron de nuevo a la conferencia matutina del Presidente Andr\u00e9s Manuel L\u00f3pez Obrador.<\/p>\n\n\n\n<p>Esta ma\u00f1ana de lunes fueron dos temas, el conflicto en la zona triqui, que confi\u00f3 se resuelva pronto, y el de los pueblos mixes de San Pedro y San Pablo Ayutla con Tamazul\u00e1pam del Esp\u00edritu Santo, en que destac\u00f3 el acuerdo que alcanzaron.<\/p>\n\n\n\n<p>L\u00f3pez Obrador asegur\u00f3 que s\u00ed es posible la soluci\u00f3n de los conflictos mediante el di\u00e1logo, prueba de ello el reciente acuerdo entre autoridades de Ayutla con sus vecinos de Tamazul\u00e1pam, quienes previamente se manten\u00edan en la pugna por un manantial.&nbsp;<\/p>\n\n\n\n<p>\u201cLes mando un abrazo a todos los mixes de esa regi\u00f3n. Es un buen ejemplo de la soluci\u00f3n de conflictos mediante el di\u00e1logo\u201d, dijo el mandatario federal.&nbsp;<\/p>\n\n\n\n<p>Por otraparte, el presidente de la Rep\u00fablica asegur\u00f3 que su gobierno se mantiene en la b\u00fasqueda de la conciliaci\u00f3n para resolver el problema en la zona Triqui que, actualmente, mantiene desplazadas a decenas de familias de la comunidad de Tierra Blanca, Copala.&nbsp;<\/p>\n\n\n\n<p>Apost\u00f3 por la soluci\u00f3n pac\u00edfica del conflicto y la no violencia, incluso asegur\u00f3 que podr\u00eda reunirse con los l\u00edderes de las tres organizaciones que encabezan el conflicto, ello siempre y cuando tengan un compromiso contundente por la paz.&nbsp;<\/p>\n\n\n\n<p>\u201cLes mando a decir que s\u00ed se ponen de acuerdo, el d\u00eda de la firma del acuerdo hist\u00f3rico de paz, ese d\u00eda lo firmamos aqu\u00ed en Palacio Nacional\u201d, asegur\u00f3.<\/p>\n\n\n\n<p>En este sentido, indic\u00f3 que el subsecretario de Gobernaci\u00f3n, Alejandro Encinas, mantiene las mesas de di\u00e1logo con los grupos en conflictos, adem\u00e1s que cuenta con el respaldo del gobernador Alejandro Murat Hinojosa, quien se ha mantenido atento de la situaci\u00f3n.&nbsp;<\/p>\n\n\n\n<p>\u201cS\u00ed se puede lograr. Los grupos deben verlo como algo hist\u00f3rico, como una oportunidad para terminar con la violencia que lleva d\u00e9cadas en la zona y que ha cobrado la vida de decenas de personas\u201d, manifest\u00f3.&nbsp;<\/p>\n\n\n\n<p>Finalmente, adelant\u00f3 que este fin de semana estar\u00e1 en Oaxaca, particularmente en la zona del Istmo de Tehuantepec y la capital de estado en donde llevar\u00e1 a cabo la conferencia matutina del lunes 20 de septiembre.&nbsp;<\/p>\n\n\n\n<p>Cabe se\u00f1alar que, apenas el 28 de agosto, habitantes de Tierra Blanca, Copala, que militan en el Movimiento de Unificaci\u00f3n y Lucha Triqui (MULT), solicitaron la instalaci\u00f3n de una comisi\u00f3n interinstitucional, multidisciplinaria y de los tres niveles de gobierno para dar soluci\u00f3n a la problem\u00e1tica que se enfrenta desde diciembre del 2020 en la zona. &nbsp;&nbsp;<\/p>\n\n\n\n<p>Mientras que, un mes antes, decenas de familias desplazadas de Tierra Blanca, adheridas al Movimiento de Unificaci\u00f3n y Lucha Triqui Independiente (MULTI) intentaron concretar su regreso a la localidad, ello con el apoyo de la Guardia Nacional, mismo que fue impedido por militantes del MULT.&nbsp;<\/p>\n","protected":false},"excerpt":{"rendered":"<p>Evlin Arag\u00f3n\/Zona Roja. Oaxaca de Ju\u00e1rez, Oax., 13 de septiembre de 2021.- Las problem\u00e1ticas del&hellip;<\/p>\n","protected":false},"author":2,"featured_media":31990,"comment_status":"closed","ping_status":"open","sticky":false,"template":"","format":"standard","meta":{"_lmt_disableupdate":"","_lmt_disable":"","_jetpack_memberships_contains_paid_content":false,"footnotes":""},"categories":[1],"tags":[],"class_list":["post-31989","post","type-post","status-publish","format-standard","has-post-thumbnail","hentry","category-sin-categoria"],"jetpack_featured_media_url":"https:\/\/zonaroja.com.mx\/wp-content\/uploads\/2021\/09\/Andres-Manuel-Lopez-Obrador.jpg","jetpack_sharing_enabled":true,"_links":{"self":[{"href":"https:\/\/zonaroja.com.mx\/index.php?rest_route=\/wp\/v2\/posts\/31989","targetHints":{"allow":["GET"]}}],"collection":[{"href":"https:\/\/zonaroja.com.mx\/index.php?rest_route=\/wp\/v2\/posts"}],"about":[{"href":"https:\/\/zonaroja.com.mx\/index.php?rest_route=\/wp\/v2\/types\/post"}],"author":[{"embeddable":true,"href":"https:\/\/zonaroja.com.mx\/index.php?rest_route=\/wp\/v2\/users\/2"}],"replies":[{"embeddable":true,"href":"https:\/\/zonaroja.com.mx\/index.php?rest_route=%2Fwp%2Fv2%2Fcomments&post=31989"}],"version-history":[{"count":1,"href":"https:\/\/zonaroja.com.mx\/index.php?rest_route=\/wp\/v2\/posts\/31989\/revisions"}],"predecessor-version":[{"id":31991,"href":"https:\/\/zonaroja.com.mx\/index.php?rest_route=\/wp\/v2\/posts\/31989\/revisions\/31991"}],"wp:featuredmedia":[{"embeddable":true,"href":"https:\/\/zonaroja.com.mx\/index.php?rest_route=\/wp\/v2\/media\/31990"}],"wp:attachment":[{"href":"https:\/\/zonaroja.com.mx\/index.php?rest_route=%2Fwp%2Fv2%2Fmedia&parent=31989"}],"wp:term":[{"taxonomy":"category","embeddable":true,"href":"https:\/\/zonaroja.com.mx\/index.php?rest_route=%2Fwp%2Fv2%2Fcategories&post=31989"},{"taxonomy":"post_tag","embeddable":true,"href":"https:\/\/zonaroja.com.mx\/index.php?rest_route=%2Fwp%2Fv2%2Ftags&post=31989"}],"curies":[{"name":"wp","href":"https:\/\/api.w.org\/{rel}","templated":true}]}}