{"id":31992,"date":"2021-09-13T19:02:48","date_gmt":"2021-09-14T00:02:48","guid":{"rendered":"http:\/\/www.zonaroja.com.mx\/?p=31992"},"modified":"2021-09-13T19:02:51","modified_gmt":"2021-09-14T00:02:51","slug":"anuncian-encuentros-indigenas-canada-oaxaca-en-la-capital","status":"publish","type":"post","link":"https:\/\/zonaroja.com.mx\/?p=31992","title":{"rendered":"Anuncian encuentros ind\u00edgenas Canad\u00e1-Oaxaca, en la capital"},"content":{"rendered":"\n<p>Redacci\u00f3n\/Zona Roja.<\/p>\n\n\n\n<p>Oaxaca de Ju\u00e1rez, Oax., 13 de septiembre de 2021.- El arte y la cultura de los grupos originarios de Canad\u00e1 y Oaxaca ser\u00e1 presentado en distintos espacios de la capital del estado y municipios conurbados.<\/p>\n\n\n\n<p>La Embajada de Canad\u00e1 en M\u00e9xico y la Secretar\u00eda de las Culturas y Artes del Gobierno del Estado, en alianza con m\u00e1s de 15 organizaciones canadienses y oaxaque\u00f1as, han programado una serie de actividades presenciales y virtuales en las que la m\u00fasica, el cine, la literatura y el dise\u00f1o acercar\u00e1n a pueblos distantes a m\u00e1s de cuatro mil kil\u00f3metros, pero unidos por su riqueza cultural.<\/p>\n\n\n\n<p>El denominado Encuentros ind\u00edgenas Canad\u00e1-Oaxaca 2021 tendr\u00e1 como sedes el teatro \u201cMacedonio Alcal\u00e1\u201d, el Centro de las Artes de San Agust\u00edn (CaSa), el Centro Comunitario Teotitl\u00e1n del Valle, el Museo de Arte Erasto Le\u00f3n Zurita en Santa Mar\u00eda Coyotepec, entre otros recintos, en los cuales se realizar\u00e1n actividades del 20 de septiembre al 8 de octubre.<\/p>\n\n\n\n<p>La Embajada de Canad\u00e1 en M\u00e9xico facilit\u00f3 la creaci\u00f3n de un Comit\u00e9 Curatorial, integrado por miembros de la comunidad cultural art\u00edstica de Canad\u00e1 y Oaxaca para definir el programa presentado en los encuentros.<\/p>\n\n\n\n<p>Esta ser\u00e1 una plataforma de difusi\u00f3n del arte creado en las comunidades ind\u00edgenas de ambos territorios y un v\u00ednculo para fomentar el di\u00e1logo y la reflexi\u00f3n sobre los retos que enfrentan.<\/p>\n\n\n\n<p>Durante 19 d\u00edas se ofrecer\u00e1n actividades gratuitas; entre ellas, 26 proyecciones de pel\u00edculas, documentales, cortometrajes, videoarte y animaci\u00f3n.<\/p>\n\n\n\n<p>Tambi\u00e9n se instalar\u00e1n estaciones fijas e itinerantes de realidad virtual, que ofrecen una experiencia inmersiva que permitir\u00e1 conocer la realidad de estas comunidades mediante el arte interactivo.<\/p>\n\n\n\n<p>Adem\u00e1s, se efectuar\u00e1 una exposici\u00f3n de carteles autor\u00eda de ocho artistas canadienses y oaxaque\u00f1os y se difundir\u00e1 la m\u00fasica y literatura a trav\u00e9s de la voz de dieciocho poetas y catorce m\u00fasicos de diversas comunidades ind\u00edgenas de Canad\u00e1 y Oaxaca.<\/p>\n\n\n\n<p>Una de las actividades que ser\u00e1n protagonistas de este hermanamiento cultural es el mural que crear\u00e1 el colectivo Tlacolulokos en colaboraci\u00f3n con Rolande Souliere, en el barrio de Jalatlaco de la capital.<\/p>\n\n\n\n<p>La exposici\u00f3n de carteles se instalar\u00e1 en 34 marquesinas hist\u00f3ricas del centro de Oaxaca, e incluir\u00e1 ilustraciones de Filogonio Naxin (mazateco), Gabriela Morac (zapoteca), Hazel Eufragio (zapoteco), Jordan Stanger (oji-cree), Kailey Sheppard (inuk), Kaya Joan Da Costa (afro Kanien\u2019keh\u00e1:Ka), Luis Jos\u00e9 Ram\u00edrez (mazateco), Sonny Assu (ligwilda\u2019Xa) y Victoria Gaspar (zapoteca).<\/p>\n\n\n\n<p>Esta designaci\u00f3n integra a m\u00e1s de 1.67 millones de personas en Canad\u00e1, que se identifican a s\u00ed mismas como abor\u00edgenes, lo que equivale al 4.9 por ciento de la poblaci\u00f3n total de aquel pa\u00eds, de acuerdo con el censo de 2016.<\/p>\n\n\n\n<p>Entre ellas, se reconocen tres grupos, los llamados \u2018primeras naciones\u2019, los inuits y los m\u00e9tis.<\/p>\n\n\n\n<p>El gobierno de Canad\u00e1 ha trabajado para avanzar en la reconciliaci\u00f3n y renovar las relaciones con los grupos ind\u00edgenas con base en el reconocimiento de sus derechos, respeto, cooperaci\u00f3n y camarader\u00eda, expresadas concretamente en noventa y cuatro acciones.<\/p>\n","protected":false},"excerpt":{"rendered":"<p>Redacci\u00f3n\/Zona Roja. Oaxaca de Ju\u00e1rez, Oax., 13 de septiembre de 2021.- El arte y la&hellip;<\/p>\n","protected":false},"author":2,"featured_media":31993,"comment_status":"closed","ping_status":"open","sticky":false,"template":"","format":"standard","meta":{"_lmt_disableupdate":"","_lmt_disable":"","_jetpack_memberships_contains_paid_content":false,"footnotes":""},"categories":[109,46],"tags":[2888],"class_list":["post-31992","post","type-post","status-publish","format-standard","has-post-thumbnail","hentry","category-minuto-a-minuto","category-zona-blanca","tag-encuentros-indigenas-canada-oaxaca"],"jetpack_featured_media_url":"https:\/\/zonaroja.com.mx\/wp-content\/uploads\/2021\/09\/EI-2021--scaled.jpg","jetpack_sharing_enabled":true,"_links":{"self":[{"href":"https:\/\/zonaroja.com.mx\/index.php?rest_route=\/wp\/v2\/posts\/31992","targetHints":{"allow":["GET"]}}],"collection":[{"href":"https:\/\/zonaroja.com.mx\/index.php?rest_route=\/wp\/v2\/posts"}],"about":[{"href":"https:\/\/zonaroja.com.mx\/index.php?rest_route=\/wp\/v2\/types\/post"}],"author":[{"embeddable":true,"href":"https:\/\/zonaroja.com.mx\/index.php?rest_route=\/wp\/v2\/users\/2"}],"replies":[{"embeddable":true,"href":"https:\/\/zonaroja.com.mx\/index.php?rest_route=%2Fwp%2Fv2%2Fcomments&post=31992"}],"version-history":[{"count":1,"href":"https:\/\/zonaroja.com.mx\/index.php?rest_route=\/wp\/v2\/posts\/31992\/revisions"}],"predecessor-version":[{"id":31994,"href":"https:\/\/zonaroja.com.mx\/index.php?rest_route=\/wp\/v2\/posts\/31992\/revisions\/31994"}],"wp:featuredmedia":[{"embeddable":true,"href":"https:\/\/zonaroja.com.mx\/index.php?rest_route=\/wp\/v2\/media\/31993"}],"wp:attachment":[{"href":"https:\/\/zonaroja.com.mx\/index.php?rest_route=%2Fwp%2Fv2%2Fmedia&parent=31992"}],"wp:term":[{"taxonomy":"category","embeddable":true,"href":"https:\/\/zonaroja.com.mx\/index.php?rest_route=%2Fwp%2Fv2%2Fcategories&post=31992"},{"taxonomy":"post_tag","embeddable":true,"href":"https:\/\/zonaroja.com.mx\/index.php?rest_route=%2Fwp%2Fv2%2Ftags&post=31992"}],"curies":[{"name":"wp","href":"https:\/\/api.w.org\/{rel}","templated":true}]}}