{"id":31995,"date":"2021-09-14T07:03:01","date_gmt":"2021-09-14T12:03:01","guid":{"rendered":"http:\/\/www.zonaroja.com.mx\/?p=31995"},"modified":"2021-09-13T19:21:48","modified_gmt":"2021-09-14T00:21:48","slug":"coordina-poder-judicial-de-oaxaca-capacitacion-sobre-reforma-en-justicia-laboral","status":"publish","type":"post","link":"https:\/\/zonaroja.com.mx\/?p=31995","title":{"rendered":"Coordina Poder Judicial de Oaxaca capacitaci\u00f3n sobre reforma en justicia laboral"},"content":{"rendered":"\n<p>Redacci\u00f3n\/Zona Roja.<\/p>\n\n\n\n<p>Oaxaca de Ju\u00e1rez, Oax., 14 de septiembre de 2021.- Para cumplir cabalmente con la implementaci\u00f3n de la Reforma Laboral, en aspectos como la formaci\u00f3n y profesionalizaci\u00f3n del capital humano, el Poder Judicial del Estado de Oaxaca ha capacitado a servidoras y servidores p\u00fablicos judiciales, personal de las Juntas de Conciliaci\u00f3n y Arbitraje, y abogadas y abogados en general.<\/p>\n\n\n\n<p>En coordinaci\u00f3n con los poderes Ejecutivo y Legislativo, la instituci\u00f3n lleva a cabo acciones establecidas a nivel federal a trav\u00e9s del Plan Integral de Formaci\u00f3n y Selecci\u00f3n en materia de Justicia Laboral que contempla como ejes rectores la Sensibilizaci\u00f3n, Actualizaci\u00f3n, Especializaci\u00f3n y Selecci\u00f3n.<\/p>\n\n\n\n<p>La reforma ser\u00e1 un parteaguas en los procedimientos laborales y con su implementaci\u00f3n se busca la mejora constante de la impartici\u00f3n de justicia a favor de trabajadores y empresas, respetando en el mismo nivel los derechos de ambos.<\/p>\n\n\n\n<p>Adem\u00e1s de tener impacto en la econom\u00eda, pol\u00edtica, los sindicatos y empresas, implica cambios como los Tribunales Laborales que dependan del Poder Judicial, donde las audiencias ser\u00e1n p\u00fablicas, presididas \u00edntegramente por el juez y todas las intervenciones de quienes participen ser\u00e1n en forma oral, con lo que se busca dar m\u00e1s celeridad a estos procedimientos.<\/p>\n\n\n\n<p>Como parte de la selecci\u00f3n de jueces, secretarios y personal que integrar\u00e1n los nuevos juzgados laborales en la entidad, en la semana que concluy\u00f3, se llev\u00f3 a cabo la fase de valoraci\u00f3n curricular y la entrevista presencial, con apego a los protocolos sanitarios, a las y los aspirantes a juezas y jueces as\u00ed como de secretarias y secretarios instructores.<\/p>\n\n\n\n<p>Por otra parte, recientemente, un grupo de 84 profesionistas, entre ellos, cumplieron con un total de 235 horas de capacitaci\u00f3n en la materia, brindada en la modalidad virtual.<\/p>\n","protected":false},"excerpt":{"rendered":"<p>Redacci\u00f3n\/Zona Roja. Oaxaca de Ju\u00e1rez, Oax., 14 de septiembre de 2021.- Para cumplir cabalmente con&hellip;<\/p>\n","protected":false},"author":2,"featured_media":31996,"comment_status":"closed","ping_status":"open","sticky":false,"template":"","format":"standard","meta":{"_lmt_disableupdate":"","_lmt_disable":"","_jetpack_memberships_contains_paid_content":false,"footnotes":""},"categories":[109,46],"tags":[],"class_list":["post-31995","post","type-post","status-publish","format-standard","has-post-thumbnail","hentry","category-minuto-a-minuto","category-zona-blanca"],"jetpack_featured_media_url":"https:\/\/zonaroja.com.mx\/wp-content\/uploads\/2021\/09\/Puntual-capacitacion-sobre-la-Reforma-Laboral.jpg","jetpack_sharing_enabled":true,"_links":{"self":[{"href":"https:\/\/zonaroja.com.mx\/index.php?rest_route=\/wp\/v2\/posts\/31995","targetHints":{"allow":["GET"]}}],"collection":[{"href":"https:\/\/zonaroja.com.mx\/index.php?rest_route=\/wp\/v2\/posts"}],"about":[{"href":"https:\/\/zonaroja.com.mx\/index.php?rest_route=\/wp\/v2\/types\/post"}],"author":[{"embeddable":true,"href":"https:\/\/zonaroja.com.mx\/index.php?rest_route=\/wp\/v2\/users\/2"}],"replies":[{"embeddable":true,"href":"https:\/\/zonaroja.com.mx\/index.php?rest_route=%2Fwp%2Fv2%2Fcomments&post=31995"}],"version-history":[{"count":1,"href":"https:\/\/zonaroja.com.mx\/index.php?rest_route=\/wp\/v2\/posts\/31995\/revisions"}],"predecessor-version":[{"id":31997,"href":"https:\/\/zonaroja.com.mx\/index.php?rest_route=\/wp\/v2\/posts\/31995\/revisions\/31997"}],"wp:featuredmedia":[{"embeddable":true,"href":"https:\/\/zonaroja.com.mx\/index.php?rest_route=\/wp\/v2\/media\/31996"}],"wp:attachment":[{"href":"https:\/\/zonaroja.com.mx\/index.php?rest_route=%2Fwp%2Fv2%2Fmedia&parent=31995"}],"wp:term":[{"taxonomy":"category","embeddable":true,"href":"https:\/\/zonaroja.com.mx\/index.php?rest_route=%2Fwp%2Fv2%2Fcategories&post=31995"},{"taxonomy":"post_tag","embeddable":true,"href":"https:\/\/zonaroja.com.mx\/index.php?rest_route=%2Fwp%2Fv2%2Ftags&post=31995"}],"curies":[{"name":"wp","href":"https:\/\/api.w.org\/{rel}","templated":true}]}}