{"id":32010,"date":"2021-09-13T22:19:49","date_gmt":"2021-09-14T03:19:49","guid":{"rendered":"http:\/\/www.zonaroja.com.mx\/?p=32010"},"modified":"2021-09-13T22:19:52","modified_gmt":"2021-09-14T03:19:52","slug":"firman-convenio-la-ddhpo-y-el-poder-judicial-atestigua-uabjo","status":"publish","type":"post","link":"https:\/\/zonaroja.com.mx\/?p=32010","title":{"rendered":"Firman convenio la DDHPO y el Poder Judicial; atestigua UABJO"},"content":{"rendered":"\n<p>Redacci\u00f3n\/Zona Roja.<\/p>\n\n\n\n<p>Oaxaca de Ju\u00e1rez, Oax., 13 de septiembre de 2021.- Para fortalecer los lazos de cooperaci\u00f3n y espec\u00edficamente en materia de formaci\u00f3n de personal, el defensor de los Derechos Humanos del Pueblo de Oaxaca, Bernardo Rodr\u00edguez Alamilla y el magistrado presidente del Tribunal Superior de Justicia del Estado y del Consejo de la Judicatura de Oaxaca, Eduardo Pinacho S\u00e1nchez, firmaron un convenio de colaboraci\u00f3n, atestiguado por el rector de la Universidad Aut\u00f3noma \u201cBenito Ju\u00e1rez\u201d de Oaxaca, Eduardo Bautista Mart\u00ednez.<\/p>\n\n\n\n<p>As\u00ed tambi\u00e9n, en este marco, se lanz\u00f3 la convocatoria para el Diplomado en \u201cDerechos de Ni\u00f1as, Ni\u00f1os y Adolescentes en el \u00e1mbito jurisdiccional\u201d, mismo que es gratuito y que para realizar el registro, las y los interesados podr\u00e1n ingresar a la liga: https:\/\/bit.Iy\/3Bj6Er1<\/p>\n\n\n\n<p>Ante la secretaria Ejecutiva del Sistema Local de Protecci\u00f3n Integral de los Derechos de Ni\u00f1as, Ni\u00f1os y Adolescentes del Estado de Oaxaca (SIPINNA), Rosario Villalobos Rueda; el encargado de la Procuradur\u00eda Estatal de Protecci\u00f3n de los Derechos de Ni\u00f1a, Ni\u00f1os y Adolescentes del Estado, Samuel Jim\u00e9nez Acevedo, y de la titular de la Direcci\u00f3n de Derechos Humanos del Consejo de la Judicatura del Estado, Nidia Soledad Mart\u00ednez Esteva, el ombudsperson oaxaque\u00f1o indic\u00f3 que la fuerza de las instituciones radica en c\u00f3mo se brinda respuesta a las necesidades&nbsp; de&nbsp; las personas.<\/p>\n\n\n\n<p>Detall\u00f3 que, entre los objetivos del acuerdo se encuentra: dotar de herramientas te\u00f3ricas y pr\u00e1cticas a los y los operadores de justicia, defensoras y defensores p\u00fablicos, defensoras y defensores de derechos humanos, ministerios p\u00fablicos y abogados\/as litigantes, con la finalidad de garantizar, en todos los procesos judiciales y administrativos en que participen ni\u00f1as, ni\u00f1os o adolescentes, el acceso efectivo a la justicia desde las perspectivas de derechos humanos, de g\u00e9nero, interculturalidad e interseccionalidad.<\/p>\n\n\n\n<p>En este sentido, se\u00f1al\u00f3 que la participaci\u00f3n de las NNA no debe ser considerada como un gesto paternal o un simple ornamento jur\u00eddico, sino que su protagonismo activo durante los distintos procedimientos, resulta fundamental para una debida tutela del inter\u00e9s superior de la infancia.<\/p>\n\n\n\n<p>REFORMA Y DESAF\u00cdOS<\/p>\n\n\n\n<p>Por su parte, el magistrado Eduardo Pinacho S\u00e1nchez, presidente del Tribunal Superior de Justicia del Estado y del Consejo de la Judicatura del Poder Judicial de Oaxaca, se\u00f1al\u00f3 que la Reforma Constitucional del 2011 represent\u00f3 importantes retos y desaf\u00edos para el sistema jur\u00eddico.<\/p>\n\n\n\n<p>Agreg\u00f3 que, para el Poder Judicial del Estado, es una oportunidad de generar un cambio en el ejercicio diario de las y los operadores jur\u00eddicos, para que act\u00faen de una manera m\u00e1s human\u00edstica en cuanto al respeto y garant\u00eda de los derechos humanos.<\/p>\n\n\n\n<p>Lo que implica, dijo, dotar de las herramientas te\u00f3ricas y metodol\u00f3gicas que les permitan juzgar de una manera diferenciada en aquellos casos que se involucren sectores vulnerables como en el caso de las ni\u00f1as, ni\u00f1os y adolescentes.<\/p>\n\n\n\n<p>Durante su participaci\u00f3n, el rector de la Universidad Aut\u00f3noma \u201cBenito Ju\u00e1rez\u201d de Oaxaca, Eduardo Bautista Mart\u00ednez, puntualiz\u00f3 que el tema de los derechos humanos tiene que traducirse en una formaci\u00f3n de educaci\u00f3n continua.<\/p>\n\n\n\n<p>De ah\u00ed que, resalt\u00f3 la importancia de la alianza interinstitucional celebrada este lunes, entre el Tribunal y la Defensor\u00eda, en la que las y los colaboradores del Poder Judicial podr\u00e1n adquirir nuevas herramientas en materia de derechos humanos.<\/p>\n\n\n\n<p>Tras la firma de convenio, se realiz\u00f3 la presentaci\u00f3n del diplomado \u201cDerechos de Ni\u00f1as, Ni\u00f1os y Adolescentes en el \u00e1mbito jurisdiccional\u201d, el cual se realizar\u00e1 todos los d\u00edas martes y jueves de 16:00 a 20:00 horas, a partir del 5 de octubre del presente a\u00f1o, al 10 de febrero del 2022.<\/p>\n\n\n\n<p>El diplomado tendr\u00e1 una duraci\u00f3n de 120 horas en modalidad virtual. Las y los interesados podr\u00e1n inscribirse y enviar la documentaci\u00f3n correspondiente hasta el pr\u00f3ximo 24 de septiembre, a trav\u00e9s de la liga: https:\/\/bit.Iy\/3Bj6Er1 para mayor informaci\u00f3n al correo: diplomadodchosnna@gmail.com<\/p>\n\n\n\n<p>Finalmente, la titular de la Direcci\u00f3n de Derechos Humanos del Consejo de la Judicatura del Estado, Nidia Soledad Mart\u00ednez Esteva reconoci\u00f3 el inter\u00e9s de las instituciones que se han comprometido a este diplomado y compartir sus conocimientos a favor de la protecci\u00f3n de los derechos de ni\u00f1as, ni\u00f1os y adolescentes, lo cual significa reconocerlos como personas titulares de derechos y as\u00ed poder desde las propias instituciones incorporar mejores pol\u00edticas p\u00fablicas en materia de derechos humanos.<\/p>\n","protected":false},"excerpt":{"rendered":"<p>Redacci\u00f3n\/Zona Roja. Oaxaca de Ju\u00e1rez, Oax., 13 de septiembre de 2021.- Para fortalecer los lazos&hellip;<\/p>\n","protected":false},"author":2,"featured_media":32006,"comment_status":"closed","ping_status":"open","sticky":false,"template":"","format":"standard","meta":{"_lmt_disableupdate":"","_lmt_disable":"","_jetpack_memberships_contains_paid_content":false,"footnotes":""},"categories":[109,46],"tags":[223],"class_list":["post-32010","post","type-post","status-publish","format-standard","has-post-thumbnail","hentry","category-minuto-a-minuto","category-zona-blanca","tag-poder-judicial-de-oaxaca"],"jetpack_featured_media_url":"https:\/\/zonaroja.com.mx\/wp-content\/uploads\/2021\/09\/13-septiembre-Convocan-a-participar-en-Diplomado-en-Derechos-de-NNA.jpg","jetpack_sharing_enabled":true,"_links":{"self":[{"href":"https:\/\/zonaroja.com.mx\/index.php?rest_route=\/wp\/v2\/posts\/32010","targetHints":{"allow":["GET"]}}],"collection":[{"href":"https:\/\/zonaroja.com.mx\/index.php?rest_route=\/wp\/v2\/posts"}],"about":[{"href":"https:\/\/zonaroja.com.mx\/index.php?rest_route=\/wp\/v2\/types\/post"}],"author":[{"embeddable":true,"href":"https:\/\/zonaroja.com.mx\/index.php?rest_route=\/wp\/v2\/users\/2"}],"replies":[{"embeddable":true,"href":"https:\/\/zonaroja.com.mx\/index.php?rest_route=%2Fwp%2Fv2%2Fcomments&post=32010"}],"version-history":[{"count":1,"href":"https:\/\/zonaroja.com.mx\/index.php?rest_route=\/wp\/v2\/posts\/32010\/revisions"}],"predecessor-version":[{"id":32011,"href":"https:\/\/zonaroja.com.mx\/index.php?rest_route=\/wp\/v2\/posts\/32010\/revisions\/32011"}],"wp:featuredmedia":[{"embeddable":true,"href":"https:\/\/zonaroja.com.mx\/index.php?rest_route=\/wp\/v2\/media\/32006"}],"wp:attachment":[{"href":"https:\/\/zonaroja.com.mx\/index.php?rest_route=%2Fwp%2Fv2%2Fmedia&parent=32010"}],"wp:term":[{"taxonomy":"category","embeddable":true,"href":"https:\/\/zonaroja.com.mx\/index.php?rest_route=%2Fwp%2Fv2%2Fcategories&post=32010"},{"taxonomy":"post_tag","embeddable":true,"href":"https:\/\/zonaroja.com.mx\/index.php?rest_route=%2Fwp%2Fv2%2Ftags&post=32010"}],"curies":[{"name":"wp","href":"https:\/\/api.w.org\/{rel}","templated":true}]}}