{"id":32015,"date":"2021-09-14T07:29:18","date_gmt":"2021-09-14T12:29:18","guid":{"rendered":"http:\/\/www.zonaroja.com.mx\/?p=32015"},"modified":"2021-09-14T07:51:29","modified_gmt":"2021-09-14T12:51:29","slug":"van-tres-personas-fallecidas-tras-sismo-en-guerrero","status":"publish","type":"post","link":"https:\/\/zonaroja.com.mx\/?p=32015","title":{"rendered":"Van tres personas fallecidas tras sismo en Guerrero"},"content":{"rendered":"\n<p>Redacci\u00f3n\/Zona Roja Cdmx.<\/p>\n\n\n\n<p>Ciudad de M\u00e9xico, 14 de septiembre de 2021.- A una semana del sismo de magnitud 7.1, suman tres personas que han perdido la vida en el estado de Guerrero.<\/p>\n\n\n\n<p>Adem\u00e1s, de acuerdo con las autoridades estatales, hay m\u00e1s de 15 mil damnificados y siete mil 800 viviendas con diversos da\u00f1os en 40 de los 81 municipios de la entidad.<\/p>\n\n\n\n<p>Las comunidades m\u00e1s afectadas son Xaltianguis, Xolapa, Pablo Galeana, El Play\u00f3n y el R\u00edo Papagayo, entre otras demarcaciones.<\/p>\n\n\n\n<p>Casi una semana despu\u00e9s, la Comisi\u00f3n Federal de Electricidad restableci\u00f3 la energ\u00eda el\u00e9ctrica en la zona rural de Acapulco.<\/p>\n\n\n\n<p>Por otra parte, se tiene el registro de 13 planteles con da\u00f1o severo, 30 con da\u00f1os menores, y 33 con da\u00f1os moderados, todo lo dem\u00e1s son afectaciones que no comprometan la estructura de las escuelas, pero continuar\u00e1 la evaluaci\u00f3n a los inmuebles.<\/p>\n\n\n\n<p>Asimismo, son 13 centros religiosos, la mayor\u00eda catalogados por el INAH como centros arquitect\u00f3nicos especiales y culturales, los que registran afectaciones, adem\u00e1s, 69 derrumbes y fracturas en carreteras y se han atendido 52 fugas de gas LP, dos postes ca\u00eddos, sumando un total de tres personas fallecidas a causa del sismo del pasado 7 de septiembre.<\/p>\n\n\n\n<p>(Con informaci\u00f3n de \u201cEl Financiero\u201d)<\/p>\n","protected":false},"excerpt":{"rendered":"<p>Redacci\u00f3n\/Zona Roja Cdmx. Ciudad de M\u00e9xico, 14 de septiembre de 2021.- A una semana del&hellip;<\/p>\n","protected":false},"author":2,"featured_media":32016,"comment_status":"closed","ping_status":"open","sticky":false,"template":"","format":"standard","meta":{"_lmt_disableupdate":"","_lmt_disable":"","_jetpack_memberships_contains_paid_content":false,"footnotes":""},"categories":[109,47],"tags":[],"class_list":["post-32015","post","type-post","status-publish","format-standard","has-post-thumbnail","hentry","category-minuto-a-minuto","category-zona-gris"],"jetpack_featured_media_url":"https:\/\/zonaroja.com.mx\/wp-content\/uploads\/2021\/09\/Sismo-Guerrero.jpg","jetpack_sharing_enabled":true,"_links":{"self":[{"href":"https:\/\/zonaroja.com.mx\/index.php?rest_route=\/wp\/v2\/posts\/32015","targetHints":{"allow":["GET"]}}],"collection":[{"href":"https:\/\/zonaroja.com.mx\/index.php?rest_route=\/wp\/v2\/posts"}],"about":[{"href":"https:\/\/zonaroja.com.mx\/index.php?rest_route=\/wp\/v2\/types\/post"}],"author":[{"embeddable":true,"href":"https:\/\/zonaroja.com.mx\/index.php?rest_route=\/wp\/v2\/users\/2"}],"replies":[{"embeddable":true,"href":"https:\/\/zonaroja.com.mx\/index.php?rest_route=%2Fwp%2Fv2%2Fcomments&post=32015"}],"version-history":[{"count":1,"href":"https:\/\/zonaroja.com.mx\/index.php?rest_route=\/wp\/v2\/posts\/32015\/revisions"}],"predecessor-version":[{"id":32017,"href":"https:\/\/zonaroja.com.mx\/index.php?rest_route=\/wp\/v2\/posts\/32015\/revisions\/32017"}],"wp:featuredmedia":[{"embeddable":true,"href":"https:\/\/zonaroja.com.mx\/index.php?rest_route=\/wp\/v2\/media\/32016"}],"wp:attachment":[{"href":"https:\/\/zonaroja.com.mx\/index.php?rest_route=%2Fwp%2Fv2%2Fmedia&parent=32015"}],"wp:term":[{"taxonomy":"category","embeddable":true,"href":"https:\/\/zonaroja.com.mx\/index.php?rest_route=%2Fwp%2Fv2%2Fcategories&post=32015"},{"taxonomy":"post_tag","embeddable":true,"href":"https:\/\/zonaroja.com.mx\/index.php?rest_route=%2Fwp%2Fv2%2Ftags&post=32015"}],"curies":[{"name":"wp","href":"https:\/\/api.w.org\/{rel}","templated":true}]}}