{"id":32020,"date":"2021-09-14T08:02:27","date_gmt":"2021-09-14T13:02:27","guid":{"rendered":"http:\/\/www.zonaroja.com.mx\/?p=32020"},"modified":"2021-09-14T08:02:30","modified_gmt":"2021-09-14T13:02:30","slug":"ejecutan-a-individuo-al-oriente-del-istmo-de-tehuantepec","status":"publish","type":"post","link":"https:\/\/zonaroja.com.mx\/?p=32020","title":{"rendered":"Ejecutan a individuo al oriente del Istmo de Tehuantepec"},"content":{"rendered":"\n<p>Redacci\u00f3n\/Zona Roja.<\/p>\n\n\n\n<p>Oaxaca de Ju\u00e1rez, Oax., 14 de septiembre de 2021.- Una persona del sexo masculino fue ejecutada en la zona oriente del Istmo de Tehuantepec.<\/p>\n\n\n\n<p>El cuerpo, con varios disparos de arma de fuego, atado de manos y pies, as\u00ed como en bolsas de pl\u00e1stico, fue localizado la ma\u00f1ana de ayer a un costado de la carretera federal, en jurisdicci\u00f3n de San Pedro Tapanatepec.<\/p>\n\n\n\n<p>Personal de la Agencia Estatal de Investiciones (AEI) y de la Guardia Nacional arribaron al lugar para indagar el hecho; la Vicefiscal\u00eda Regional del Istmo abri\u00f3 la Carpeta de Investigaci\u00f3n correspondiente.<\/p>\n\n\n\n<p>De manera preliminar, se inform\u00f3 que la v\u00edctima fue identificada como Valdemar Feliciano C. G., de aproximadamente 32 a\u00f1os de edad y originario de Santo Domingo Ingenio, municipio vecino de Tapanatepec.<\/p>\n","protected":false},"excerpt":{"rendered":"<p>Redacci\u00f3n\/Zona Roja. Oaxaca de Ju\u00e1rez, Oax., 14 de septiembre de 2021.- Una persona del sexo&hellip;<\/p>\n","protected":false},"author":2,"featured_media":18318,"comment_status":"closed","ping_status":"open","sticky":false,"template":"","format":"standard","meta":{"_lmt_disableupdate":"","_lmt_disable":"","_jetpack_memberships_contains_paid_content":false,"footnotes":""},"categories":[109,51],"tags":[206],"class_list":["post-32020","post","type-post","status-publish","format-standard","has-post-thumbnail","hentry","category-minuto-a-minuto","category-zona-roja","tag-san-pedro-tapanatepec"],"jetpack_featured_media_url":"https:\/\/zonaroja.com.mx\/wp-content\/uploads\/2020\/10\/Escena-del-crimen4.jpg","jetpack_sharing_enabled":true,"_links":{"self":[{"href":"https:\/\/zonaroja.com.mx\/index.php?rest_route=\/wp\/v2\/posts\/32020","targetHints":{"allow":["GET"]}}],"collection":[{"href":"https:\/\/zonaroja.com.mx\/index.php?rest_route=\/wp\/v2\/posts"}],"about":[{"href":"https:\/\/zonaroja.com.mx\/index.php?rest_route=\/wp\/v2\/types\/post"}],"author":[{"embeddable":true,"href":"https:\/\/zonaroja.com.mx\/index.php?rest_route=\/wp\/v2\/users\/2"}],"replies":[{"embeddable":true,"href":"https:\/\/zonaroja.com.mx\/index.php?rest_route=%2Fwp%2Fv2%2Fcomments&post=32020"}],"version-history":[{"count":1,"href":"https:\/\/zonaroja.com.mx\/index.php?rest_route=\/wp\/v2\/posts\/32020\/revisions"}],"predecessor-version":[{"id":32021,"href":"https:\/\/zonaroja.com.mx\/index.php?rest_route=\/wp\/v2\/posts\/32020\/revisions\/32021"}],"wp:featuredmedia":[{"embeddable":true,"href":"https:\/\/zonaroja.com.mx\/index.php?rest_route=\/wp\/v2\/media\/18318"}],"wp:attachment":[{"href":"https:\/\/zonaroja.com.mx\/index.php?rest_route=%2Fwp%2Fv2%2Fmedia&parent=32020"}],"wp:term":[{"taxonomy":"category","embeddable":true,"href":"https:\/\/zonaroja.com.mx\/index.php?rest_route=%2Fwp%2Fv2%2Fcategories&post=32020"},{"taxonomy":"post_tag","embeddable":true,"href":"https:\/\/zonaroja.com.mx\/index.php?rest_route=%2Fwp%2Fv2%2Ftags&post=32020"}],"curies":[{"name":"wp","href":"https:\/\/api.w.org\/{rel}","templated":true}]}}