{"id":32022,"date":"2021-09-14T13:54:40","date_gmt":"2021-09-14T18:54:40","guid":{"rendered":"http:\/\/www.zonaroja.com.mx\/?p=32022"},"modified":"2021-09-14T13:54:44","modified_gmt":"2021-09-14T18:54:44","slug":"siguen-irregularidades-en-servicios-de-salud-contratan-a-personal-por-outsorcing","status":"publish","type":"post","link":"https:\/\/zonaroja.com.mx\/?p=32022","title":{"rendered":"Siguen irregularidades en Servicios de Salud; contratan a personal por outsorcing"},"content":{"rendered":"\n<p>Evlin Arag\u00f3n\/Zona Roja.<\/p>\n\n\n\n<p>Oaxaca de Ju\u00e1rez, Oax., 14 de septiembre de 2021.- Adem\u00e1s de las protestas, las irregularidades contin\u00faan en la dependencia Servicios de Salud de Oaxaca (SSO), que recientemente contrat\u00f3 personal de limpieza y seguridad, pero v\u00eda outsourcing.<\/p>\n\n\n\n<p>Alberto V\u00e1squez San Germ\u00e1n, secretario general de la Subsecci\u00f3n 07 de la Secci\u00f3n 35 del Sindicato Nacional de Trabadores de la Secretar\u00eda de Salud (SNTSA), del Hospital Civil \u201cDoctor Aurelio Valdivieso\u201d, critic\u00f3 el tr\u00e1mite que llev\u00f3 a cabo la instituci\u00f3n a cargo de Juan Carlos M\u00e1rquez Heine.<\/p>\n\n\n\n<p>Y es que derivado a falta de solvencia de la empresa Seguridad y Limpieza (Seglim), que deriv\u00f3 en el despido de decenas de trabajadoras y trabajadores que prestaban sus servicios al interior de diferentes centros m\u00e9dicos, la dependencia encargada de la pol\u00edtica en Salud volvi\u00f3 a recurrir a la subcontrataci\u00f3n para cubrir la demanda.&nbsp;<\/p>\n\n\n\n<p>\u201cEstamos fuera de la ley en los Servicios de Salud ya que a partir del primero de septiembre esta flexibilidad laborar que llamaron en la etapa neoliberal ya no deber\u00eda de existir, mucho menos en las empresas paraestatales o estatales\u201d, indic\u00f3 en entrevista.&nbsp;<\/p>\n\n\n\n<p>El dirigente sindical explic\u00f3 que, independientemente de ser ilegal, la contrataci\u00f3n fue de un menor n\u00famero de personal que no cuenta con capacitaci\u00f3n previa para llevar a cabo su labor por lo cual se exponen incluso a un riesgo infectocontagioso al interior del nosocomio.&nbsp;<\/p>\n\n\n\n<p>As\u00ed mismo, detall\u00f3 que desconocen el nombre y la raz\u00f3n social de la empresa, situaci\u00f3n que evidencia la falta de licitaci\u00f3n con la que act\u00faa la dependencia, cuya autoridad encabezada por Juan Carlos M\u00e1rquez Heine, realiz\u00f3 una contrataci\u00f3n irregular para cubrir el servicio \u00fanicamente de limpieza, no as\u00ed de seguridad.&nbsp;<\/p>\n\n\n\n<p>Lo anterior pone en riesgo la integridad del personal que labora en el nosocomio, de las y los usuarios, as\u00ed como de sus familiares, prueba de ello los recientes asaltos que se han registrado en su interior.&nbsp;<\/p>\n\n\n\n<p>\u201cEs cierto, han sustra\u00eddo pertenec\u00edas de los familiares de los pacientes, lamentablemente. No sabemos qui\u00e9n entra y quien en alg\u00fan momento dado puede tener el acceso, no hay control y eso pone en riesgo la integridad de trabajador y las pertenencias de los pacientes\u201d, indic\u00f3.<\/p>\n\n\n\n<p>Finalmente, V\u00e1squez San Germ\u00e1n critic\u00f3 que la contrataci\u00f3n por outsorcing no incluya la capacitaci\u00f3n del personal, situaci\u00f3n que se ha dado desde 1992 cuando al servicio de limpieza y seguridad se le empez\u00f3 a subrogar, por ello no descarta hacer el reclamo pertinente a la dependencia.<\/p>\n","protected":false},"excerpt":{"rendered":"<p>Evlin Arag\u00f3n\/Zona Roja. Oaxaca de Ju\u00e1rez, Oax., 14 de septiembre de 2021.- Adem\u00e1s de las&hellip;<\/p>\n","protected":false},"author":2,"featured_media":7566,"comment_status":"closed","ping_status":"open","sticky":false,"template":"","format":"standard","meta":{"_lmt_disableupdate":"","_lmt_disable":"","_jetpack_memberships_contains_paid_content":false,"footnotes":""},"categories":[109,47],"tags":[1005],"class_list":["post-32022","post","type-post","status-publish","format-standard","has-post-thumbnail","hentry","category-minuto-a-minuto","category-zona-gris","tag-servicios-de-salud-de-oaxaca-sso"],"jetpack_featured_media_url":"https:\/\/zonaroja.com.mx\/wp-content\/uploads\/2020\/01\/Hospital-Civil.jpg","jetpack_sharing_enabled":true,"_links":{"self":[{"href":"https:\/\/zonaroja.com.mx\/index.php?rest_route=\/wp\/v2\/posts\/32022","targetHints":{"allow":["GET"]}}],"collection":[{"href":"https:\/\/zonaroja.com.mx\/index.php?rest_route=\/wp\/v2\/posts"}],"about":[{"href":"https:\/\/zonaroja.com.mx\/index.php?rest_route=\/wp\/v2\/types\/post"}],"author":[{"embeddable":true,"href":"https:\/\/zonaroja.com.mx\/index.php?rest_route=\/wp\/v2\/users\/2"}],"replies":[{"embeddable":true,"href":"https:\/\/zonaroja.com.mx\/index.php?rest_route=%2Fwp%2Fv2%2Fcomments&post=32022"}],"version-history":[{"count":1,"href":"https:\/\/zonaroja.com.mx\/index.php?rest_route=\/wp\/v2\/posts\/32022\/revisions"}],"predecessor-version":[{"id":32023,"href":"https:\/\/zonaroja.com.mx\/index.php?rest_route=\/wp\/v2\/posts\/32022\/revisions\/32023"}],"wp:featuredmedia":[{"embeddable":true,"href":"https:\/\/zonaroja.com.mx\/index.php?rest_route=\/wp\/v2\/media\/7566"}],"wp:attachment":[{"href":"https:\/\/zonaroja.com.mx\/index.php?rest_route=%2Fwp%2Fv2%2Fmedia&parent=32022"}],"wp:term":[{"taxonomy":"category","embeddable":true,"href":"https:\/\/zonaroja.com.mx\/index.php?rest_route=%2Fwp%2Fv2%2Fcategories&post=32022"},{"taxonomy":"post_tag","embeddable":true,"href":"https:\/\/zonaroja.com.mx\/index.php?rest_route=%2Fwp%2Fv2%2Ftags&post=32022"}],"curies":[{"name":"wp","href":"https:\/\/api.w.org\/{rel}","templated":true}]}}