{"id":32027,"date":"2021-09-14T14:42:50","date_gmt":"2021-09-14T19:42:50","guid":{"rendered":"http:\/\/www.zonaroja.com.mx\/?p=32027"},"modified":"2021-09-14T14:42:53","modified_gmt":"2021-09-14T19:42:53","slug":"sube-a-64-el-numero-de-feminicidios-en-oaxaca-en-lo-que-va-del-ano","status":"publish","type":"post","link":"https:\/\/zonaroja.com.mx\/?p=32027","title":{"rendered":"Sube a 64 el n\u00famero de feminicidios en Oaxaca, en lo que va del a\u00f1o"},"content":{"rendered":"\n<p>Evlin Arag\u00f3n\/Zona Roja.<\/p>\n\n\n\n<p>Oaxaca de Ju\u00e1rez, Oax., 14 de septiembre de 2021.- Emilia, Consuelo, Flor Alhel\u00ed y Karla Margarita, son las m\u00e1s recientes v\u00edctimas de la violencia feminicida en el estado de Oaxaca, tras ser asesinadas, este fin de semana, con impactos de arma de fuego en los municipios de San Pedro Totol\u00e1pam, Santa Mar\u00eda El Tule, y San Juan Bautista Tuxtepec.<\/p>\n\n\n\n<p>A ellas se une Yesenia Guadalupe, de 36 a\u00f1os de edad, cuyo cuerpo sin vida fue arrojado en un terreno despoblado, a la orilla de la carretera federal trans\u00edstmica, jurisdicci\u00f3n de Juchit\u00e1n.<\/p>\n\n\n\n<p>Los cinco asesinatos violentos incrementaron la cifra de feminicidios que asciende a 64 casos en lo que va de este 2021, ello de acuerdo con el recuento del Centro de Documentaci\u00f3n del Grupo de estudios sobre la mujer \u201cRosario Castellanos\u201d (GES-Mujer).&nbsp;<\/p>\n\n\n\n<p>La cifra se vuelve terror\u00edfica si se consideran todos los actos violentos que le han arrebatado la vida a 559 mujeres en lo que va de la administraci\u00f3n del Alejandro Murat Hinojosa, considerada la de mayor violencia de g\u00e9nero y feminicida de la historia.&nbsp;<\/p>\n\n\n\n<p>El Istmo y los Valles Centrales siguen siendo las regiones que registran el mayor n\u00famero de casos, pese a que en ellas se ubican municipios con declaratoria de Violencia de Alerta de G\u00e9nero, la cual no ha podido contener la sa\u00f1a en contra de las mujeres.&nbsp;<\/p>\n\n\n\n<p>El rango de edad de mayor riesgo sigue siendo de 30 a 44 a\u00f1os de edad, seguido de 19 a 29, es decir con las mujeres j\u00f3venes las que enfrentan de manera m\u00e1s cruda la violencia feminicida, sin embargo, recientemente han trascendido asesinatos violentos de mujeres ancianas.&nbsp;<\/p>\n\n\n\n<p>En lo que va del a\u00f1o, el impacto de bala sigue siendo la principal causa de muerte, seguida de los machetazos, el apu\u00f1alamiento, los golpes, la estrangulaci\u00f3n y la degollaci\u00f3n.&nbsp;<\/p>\n\n\n\n<p>Finalmente, los datos expuestos por la organizaci\u00f3n refieren que los cuerpos de las mujeres han sido localizados mayoritariamente al interior de sus domicilios, en caminos de terracer\u00eda y orilla de carretera, al interior de sus comercios y en la v\u00eda p\u00fablica.&nbsp;<\/p>\n","protected":false},"excerpt":{"rendered":"<p>Evlin Arag\u00f3n\/Zona Roja. Oaxaca de Ju\u00e1rez, Oax., 14 de septiembre de 2021.- Emilia, Consuelo, Flor&hellip;<\/p>\n","protected":false},"author":2,"featured_media":24715,"comment_status":"closed","ping_status":"open","sticky":false,"template":"","format":"standard","meta":{"_lmt_disableupdate":"","_lmt_disable":"","_jetpack_memberships_contains_paid_content":false,"footnotes":""},"categories":[109,47],"tags":[610],"class_list":["post-32027","post","type-post","status-publish","format-standard","has-post-thumbnail","hentry","category-minuto-a-minuto","category-zona-gris","tag-feminicidios-oaxaca"],"jetpack_featured_media_url":"https:\/\/zonaroja.com.mx\/wp-content\/uploads\/2021\/03\/Feminicidios.jpg","jetpack_sharing_enabled":true,"_links":{"self":[{"href":"https:\/\/zonaroja.com.mx\/index.php?rest_route=\/wp\/v2\/posts\/32027","targetHints":{"allow":["GET"]}}],"collection":[{"href":"https:\/\/zonaroja.com.mx\/index.php?rest_route=\/wp\/v2\/posts"}],"about":[{"href":"https:\/\/zonaroja.com.mx\/index.php?rest_route=\/wp\/v2\/types\/post"}],"author":[{"embeddable":true,"href":"https:\/\/zonaroja.com.mx\/index.php?rest_route=\/wp\/v2\/users\/2"}],"replies":[{"embeddable":true,"href":"https:\/\/zonaroja.com.mx\/index.php?rest_route=%2Fwp%2Fv2%2Fcomments&post=32027"}],"version-history":[{"count":1,"href":"https:\/\/zonaroja.com.mx\/index.php?rest_route=\/wp\/v2\/posts\/32027\/revisions"}],"predecessor-version":[{"id":32028,"href":"https:\/\/zonaroja.com.mx\/index.php?rest_route=\/wp\/v2\/posts\/32027\/revisions\/32028"}],"wp:featuredmedia":[{"embeddable":true,"href":"https:\/\/zonaroja.com.mx\/index.php?rest_route=\/wp\/v2\/media\/24715"}],"wp:attachment":[{"href":"https:\/\/zonaroja.com.mx\/index.php?rest_route=%2Fwp%2Fv2%2Fmedia&parent=32027"}],"wp:term":[{"taxonomy":"category","embeddable":true,"href":"https:\/\/zonaroja.com.mx\/index.php?rest_route=%2Fwp%2Fv2%2Fcategories&post=32027"},{"taxonomy":"post_tag","embeddable":true,"href":"https:\/\/zonaroja.com.mx\/index.php?rest_route=%2Fwp%2Fv2%2Ftags&post=32027"}],"curies":[{"name":"wp","href":"https:\/\/api.w.org\/{rel}","templated":true}]}}