{"id":32032,"date":"2021-09-14T20:45:10","date_gmt":"2021-09-15T01:45:10","guid":{"rendered":"http:\/\/www.zonaroja.com.mx\/?p=32032"},"modified":"2021-09-14T20:45:12","modified_gmt":"2021-09-15T01:45:12","slug":"sector-salud-de-oaxaca-inicia-paro-de-labores-insisten-en-renuncia-de-secretario","status":"publish","type":"post","link":"https:\/\/zonaroja.com.mx\/?p=32032","title":{"rendered":"Sector Salud de Oaxaca inicia paro de labores; insisten en renuncia de secretario"},"content":{"rendered":"\n<p>Ismael Garc\u00eda M.\/Zona Roja.<\/p>\n\n\n\n<p>Oaxaca de Ju\u00e1rez, Oax., 14 de septiembre de 2021.- \u201cDerivado de los agravios cometidos en contra de los agremiados\u201d, la Secci\u00f3n 35 del Sindicato Nacional de Trabajadores de la Secretar\u00eda de Salud, determin\u00f3 realizar este mi\u00e9rcoles y viernes un paro de labores generalizado, en la modalidad de \u201casamblea permanente\u201d, adem\u00e1s de una marcha.<\/p>\n\n\n\n<p>Tambi\u00e9n, el pleno de delegados ratific\u00f3 su desconocimiento y petici\u00f3n de renuncia del titular de los Servicios de Salud de Oaxaca (SSO), Juan Carlos M\u00e1rquez Heine, \u201cpor todos los agravios y desinter\u00e9s en la soluci\u00f3n a la problem\u00e1tica de salud actual\u201d.<\/p>\n\n\n\n<p>Este martes difundi\u00f3 un comunicado dirigido a la base trabajadora, para dar a conocer los acuerdos tomados, ante la nula respuesta de las autoridades estatales a su pliego petitorio, formalizado ante el gobernador Alejandro Murat el pasado 18 de agosto.<\/p>\n\n\n\n<p>Adem\u00e1s, atribuyen el despido y\/o no contrataci\u00f3n de personal eventual \u201ca causa del desv\u00edo de recursos que han permitido se genere una crisis financiera, as\u00ed como el despido injustificado de personal de salud\u201d.<\/p>\n\n\n\n<p>Por ello, exigen se garantice suficiencia presupuestal que le corresponde al Gobierno del Estado para personal regularizado y formalizado, para el pago de sueldo y prestaciones.<\/p>\n\n\n\n<p>Recontrataci\u00f3n inmediata de personal de salud, \u201cinjustamente despedido\u201d; contrataci\u00f3n de personal de seguridad y complementaci\u00f3n del personal de limpieza en todas las unidades m\u00e9dicas y administrativas de los SSO. No al retorno de los trabajadores con c\u00f3digos de afanadores.<\/p>\n\n\n\n<p>Por ello, ma\u00f1ana y por 24 horas, efectuar\u00e1n un paro de labores que denominan \u201casamblea permanente\u201d, misma que suspenden el d\u00eda 16, por ser de descanso, y reanudan el viernes.<\/p>\n\n\n\n<p>Ese mismo d\u00eda sostendr\u00e1n una reuni\u00f3n con el Gobernador del Estado, mientras que la delegaci\u00f3n Valles Centrales y Sierra, efectuar\u00e1n una marcha en la capital oaxaque\u00f1a.<\/p>\n\n\n\n<p>\u201cEste Comit\u00e9 Ejecutivo Seccional, en coordinaci\u00f3n con los comit\u00e9s ejecutivos subseccionales, delegados de las diferentes regiones, se deslinda de las situaciones que esto genere y responsabilizamos a las autoridades de los Servicios de Salud de Oaxaca, de los agravios que puedan resultar a la poblaci\u00f3n\u201d.<\/p>\n","protected":false},"excerpt":{"rendered":"<p>Ismael Garc\u00eda M.\/Zona Roja. Oaxaca de Ju\u00e1rez, Oax., 14 de septiembre de 2021.- \u201cDerivado de&hellip;<\/p>\n","protected":false},"author":2,"featured_media":32033,"comment_status":"closed","ping_status":"open","sticky":false,"template":"","format":"standard","meta":{"_lmt_disableupdate":"","_lmt_disable":"","_jetpack_memberships_contains_paid_content":false,"footnotes":""},"categories":[109,47],"tags":[1005],"class_list":["post-32032","post","type-post","status-publish","format-standard","has-post-thumbnail","hentry","category-minuto-a-minuto","category-zona-gris","tag-servicios-de-salud-de-oaxaca-sso"],"jetpack_featured_media_url":"https:\/\/zonaroja.com.mx\/wp-content\/uploads\/2021\/09\/Paro-de-labores-Seccion-35-SSO.jpg","jetpack_sharing_enabled":true,"_links":{"self":[{"href":"https:\/\/zonaroja.com.mx\/index.php?rest_route=\/wp\/v2\/posts\/32032","targetHints":{"allow":["GET"]}}],"collection":[{"href":"https:\/\/zonaroja.com.mx\/index.php?rest_route=\/wp\/v2\/posts"}],"about":[{"href":"https:\/\/zonaroja.com.mx\/index.php?rest_route=\/wp\/v2\/types\/post"}],"author":[{"embeddable":true,"href":"https:\/\/zonaroja.com.mx\/index.php?rest_route=\/wp\/v2\/users\/2"}],"replies":[{"embeddable":true,"href":"https:\/\/zonaroja.com.mx\/index.php?rest_route=%2Fwp%2Fv2%2Fcomments&post=32032"}],"version-history":[{"count":1,"href":"https:\/\/zonaroja.com.mx\/index.php?rest_route=\/wp\/v2\/posts\/32032\/revisions"}],"predecessor-version":[{"id":32034,"href":"https:\/\/zonaroja.com.mx\/index.php?rest_route=\/wp\/v2\/posts\/32032\/revisions\/32034"}],"wp:featuredmedia":[{"embeddable":true,"href":"https:\/\/zonaroja.com.mx\/index.php?rest_route=\/wp\/v2\/media\/32033"}],"wp:attachment":[{"href":"https:\/\/zonaroja.com.mx\/index.php?rest_route=%2Fwp%2Fv2%2Fmedia&parent=32032"}],"wp:term":[{"taxonomy":"category","embeddable":true,"href":"https:\/\/zonaroja.com.mx\/index.php?rest_route=%2Fwp%2Fv2%2Fcategories&post=32032"},{"taxonomy":"post_tag","embeddable":true,"href":"https:\/\/zonaroja.com.mx\/index.php?rest_route=%2Fwp%2Fv2%2Ftags&post=32032"}],"curies":[{"name":"wp","href":"https:\/\/api.w.org\/{rel}","templated":true}]}}