{"id":32035,"date":"2021-09-14T22:06:42","date_gmt":"2021-09-15T03:06:42","guid":{"rendered":"http:\/\/www.zonaroja.com.mx\/?p=32035"},"modified":"2021-09-14T22:07:04","modified_gmt":"2021-09-15T03:07:04","slug":"unidades-de-citybus-5-anos-de-antiguedad-y-no-tienen-placas-ahora-chocan","status":"publish","type":"post","link":"https:\/\/zonaroja.com.mx\/?p=32035","title":{"rendered":"Unidades de Citybus, 5 a\u00f1os de antig\u00fcedad y no tienen placas; ahora chocan"},"content":{"rendered":"\n<p>Ismael Garc\u00eda M.\/Redacci\u00f3n\/Zona Roja.<\/p>\n\n\n\n<p>Oaxaca de Ju\u00e1rez, Oax., 14 de septiembre de 2021.- En impunidad el fraude del sexenio de Gabino Cu\u00e9; entre baches, con autobuses de hace cinco a\u00f1os y sin placas; con ruta ajena al proyecto y ahora con percances, as\u00ed inici\u00f3 el sistema de transporte Citybus en la capital de Oaxaca.<\/p>\n\n\n\n<p>Y a menos de 24 horas de haber sido puesta en operaci\u00f3n, la tarde de este martes ya registr\u00f3 su primer percance entre un autob\u00fas y un taxi colectivo de San Pablo, Etla, con n\u00famero econ\u00f3mico 12-110.<\/p>\n\n\n\n<p>El hecho de tr\u00e1nsito ocurri\u00f3 en la calzada Madero casi cruce con Perif\u00e9rico y ambos conductores se culpaban mutuamente, por lo que tuvo que intervenir Tr\u00e1nsito Municipal.<\/p>\n\n\n\n<p>MAL ARRANQUE<\/p>\n\n\n\n<p>Este lunes, sin acto oficial y con una ruta ajena, de la agencia de Pueblo Nuevo hacia la colonia Volcanes, inici\u00f3 operaciones el sistema de transporte que supuestamente utilizar\u00eda carril preferente para circular con mayor velocidad.<\/p>\n\n\n\n<p>Pero justamente del tramo en que fue hoy el accidente hacia el resto de la ruta al centro y norte de la ciudad, no hay obra especial, por lo que circula a la misma velocidad que el resto del transporte colectivo.<\/p>\n\n\n\n<p>Adem\u00e1s, el tramo de Pueblo Nuevo a Santa Rosa Panzacola, en sus dos carriles de circulaci\u00f3n, se encuentran da\u00f1ados, con baches, invadidos de veh\u00edculos estacionados y sin la se\u00f1alizaci\u00f3n correspondiente, adem\u00e1s de varias paradas especiales da\u00f1adas.<\/p>\n\n\n\n<p>HERENCIA DE GABINO<\/p>\n\n\n\n<p>La obra inici\u00f3 en el sexenio de Gabino Cu\u00e9 Monteagudo primero como Sistema de Transporte Integrado (SIT), luego Sitibus (Sistema de Transporte Urbano de la ciudad de Oaxaca) y ahora Citybus; desde su inicio present\u00f3 problemas, con constantes quejas principalmente de vecinos del barrio Ex Marquesado.<\/p>\n\n\n\n<p>Pero adem\u00e1s, al concluir el sexenio anterior, no fueron terminados los trabajos, que en ese lapso requirieron una inversi\u00f3n cercana a los mil millones de pesos.<\/p>\n\n\n\n<p>En 2015, se le otorgaron 466 millones 970 mil pesos, v\u00eda fondos federales, pero requiri\u00f3 ampliaciones presupuestales.<\/p>\n\n\n\n<p>Aunad a ello, se adquirieron 43 unidad de transporte las cuales son 38 autobuses Dina 2016 linier y 5 minib\u00fas con capacidad para 34 o 40 personas.<\/p>\n\n\n\n<p>La empresa beneficiada con la obra fue GAMI Ingenier\u00eda e Instalaciones S. A. de C. V., que no culmin\u00f3 los trabajos y se fue de Oaxaca.<\/p>\n\n\n\n<p>La Fiscal\u00eda Anticorrupci\u00f3n de Oaxaca mantiene abierta una Carpeta de Investigaci\u00f3n por probable fraude, en que est\u00e1n involucrados Alberto Vargas Varela, entonces secretario de Administraci\u00f3n de Cu\u00e9, y varios ex funcionarios m\u00e1s, pero cuyo proceso judicial qued\u00f3 estancado.<\/p>\n\n\n\n<p>INVERSI\u00d3N EXTRA<\/p>\n\n\n\n<p>Alejandro Murat Hinojosa retom\u00f3 el proyecto pero en lugar de exigir celeridad en las investigaciones y castigo a los responsables, invirti\u00f3 m\u00e1s dinero a la ruta del Citybus y actualmente se realizan adecuaciones y rehabilitaciones.<\/p>\n\n\n\n<p>Para ello, se contrat\u00f3 a una empresa del Estado de M\u00e9xico, CIFO Technologies S.A. de C.V., propiedad de Fernando Flores Fern\u00e1ndez, al que se le otorg\u00f3 la obra por un monto de 105 millones de pesos, que incluyen \u201csemaforizaci\u00f3n inteligente\u201d y un sistema de cobro \u201cinteligente\u201d, que a\u00fan no se ha concluido.<\/p>\n","protected":false},"excerpt":{"rendered":"<p>Ismael Garc\u00eda M.\/Redacci\u00f3n\/Zona Roja. Oaxaca de Ju\u00e1rez, Oax., 14 de septiembre de 2021.- En impunidad&hellip;<\/p>\n","protected":false},"author":2,"featured_media":32036,"comment_status":"closed","ping_status":"open","sticky":false,"template":"","format":"standard","meta":{"_lmt_disableupdate":"","_lmt_disable":"","_jetpack_memberships_contains_paid_content":false,"footnotes":""},"categories":[109,47],"tags":[2889],"class_list":["post-32035","post","type-post","status-publish","format-standard","has-post-thumbnail","hentry","category-minuto-a-minuto","category-zona-gris","tag-sistema-de-transporte-citybus-oaxaca"],"jetpack_featured_media_url":"https:\/\/zonaroja.com.mx\/wp-content\/uploads\/2021\/09\/Choque-taxi-y-Citybus.jpg","jetpack_sharing_enabled":true,"_links":{"self":[{"href":"https:\/\/zonaroja.com.mx\/index.php?rest_route=\/wp\/v2\/posts\/32035","targetHints":{"allow":["GET"]}}],"collection":[{"href":"https:\/\/zonaroja.com.mx\/index.php?rest_route=\/wp\/v2\/posts"}],"about":[{"href":"https:\/\/zonaroja.com.mx\/index.php?rest_route=\/wp\/v2\/types\/post"}],"author":[{"embeddable":true,"href":"https:\/\/zonaroja.com.mx\/index.php?rest_route=\/wp\/v2\/users\/2"}],"replies":[{"embeddable":true,"href":"https:\/\/zonaroja.com.mx\/index.php?rest_route=%2Fwp%2Fv2%2Fcomments&post=32035"}],"version-history":[{"count":1,"href":"https:\/\/zonaroja.com.mx\/index.php?rest_route=\/wp\/v2\/posts\/32035\/revisions"}],"predecessor-version":[{"id":32037,"href":"https:\/\/zonaroja.com.mx\/index.php?rest_route=\/wp\/v2\/posts\/32035\/revisions\/32037"}],"wp:featuredmedia":[{"embeddable":true,"href":"https:\/\/zonaroja.com.mx\/index.php?rest_route=\/wp\/v2\/media\/32036"}],"wp:attachment":[{"href":"https:\/\/zonaroja.com.mx\/index.php?rest_route=%2Fwp%2Fv2%2Fmedia&parent=32035"}],"wp:term":[{"taxonomy":"category","embeddable":true,"href":"https:\/\/zonaroja.com.mx\/index.php?rest_route=%2Fwp%2Fv2%2Fcategories&post=32035"},{"taxonomy":"post_tag","embeddable":true,"href":"https:\/\/zonaroja.com.mx\/index.php?rest_route=%2Fwp%2Fv2%2Ftags&post=32035"}],"curies":[{"name":"wp","href":"https:\/\/api.w.org\/{rel}","templated":true}]}}