{"id":32038,"date":"2021-09-14T22:20:47","date_gmt":"2021-09-15T03:20:47","guid":{"rendered":"http:\/\/www.zonaroja.com.mx\/?p=32038"},"modified":"2021-09-14T22:20:51","modified_gmt":"2021-09-15T03:20:51","slug":"en-visperas-de-fiestas-patrias-registra-oaxaca-388-contagios-y-39-decesos","status":"publish","type":"post","link":"https:\/\/zonaroja.com.mx\/?p=32038","title":{"rendered":"En v\u00edsperas de fiestas patrias, registra Oaxaca 388 contagios y 39 decesos"},"content":{"rendered":"\n<p>Redacci\u00f3n\/Zona Roja.<\/p>\n\n\n\n<p>Oaxaca de Ju\u00e1rez, Oax. 14 de septiembre de 2021.- Los Servicios de Salud de Oaxaca (SSO) informaron que al corte de este martes, se han registrado 388 casos nuevos y 39 defunciones, que suman 72 mil 601 casos acumulados y cuatro mil 946 decesos; hay mil 427 casos activos en 159 municipios y 9 hospitales se encuentran al 100% de su capacidad.<\/p>\n\n\n\n<p>La Jurisdicci\u00f3n Sanitaria de Valles Centrales, lleva un registro de 44 mil 185 casos confirmados y dos mil 231 defunciones; Istmo nueve mil 720 casos confirmados y mil 50 defunciones; Tuxtepec cinco mil 32 casos confirmados y 469 defunciones; Costa cinco mil 436 casos confirmados y 430 defunciones; Mixteca cinco mil 802 casos confirmados y 504 defunciones; Sierra dos mil 426 casos confirmados y 262 defunciones.<\/p>\n\n\n\n<p>En un comunicado, detallaron que los 388 casos nuevos afectan a 88 municipios, siendo el primer lugar Oaxaca de Ju\u00e1rez con 82, seguido de la Heroica Ciudad de Juchit\u00e1n de Zaragoza con 24, San Agust\u00edn Loxicha con 21, Santa Cruz Xoxocotl\u00e1n 20, Salina Cruz 16, San Juan Bautista Tuxtepec y Santo Domingo Tehuantepec 15 cada uno, Santa Luc\u00eda del Camino 14, Miahuatl\u00e1n de Porfirio D\u00edaz 11, Ciudad Ixtepec 10, el resto de siete a un solo caso.<\/p>\n\n\n\n<p>Este d\u00eda el municipio de San Juan Tepeuxila en la regi\u00f3n de la Ca\u00f1ada, presenta su primer caso de Covid-19.<\/p>\n\n\n\n<figure class=\"wp-block-embed-twitter wp-block-embed is-type-rich is-provider-twitter\"><div class=\"wp-block-embed__wrapper\">\n<div class=\"twitter-tweet\"><blockquote class=\"twitter-tweet\" data-lang=\"es\"><p lang=\"es\" dir=\"ltr\"><a href=\"https:\/\/twitter.com\/hashtag\/%C3%9AltimoMinuto?src=hash&amp;ref_src=twsrc%5Etfw\">#\u00daltimoMinuto<\/a><br>Este martes, los Servicios de Salud de <a href=\"https:\/\/twitter.com\/hashtag\/Oaxaca?src=hash&amp;ref_src=twsrc%5Etfw\">#Oaxaca<\/a> reportaron 388 casos positivos a Covid-19, con lo que suman 72 mil 601 casos confirmados.<br>Tambi\u00e9n 39 decesos, para un total de 4 mil 946 fallecimientos.<br>Ocupaci\u00f3n hospitalaria promedio de 62%; 9 nosocomios llenos. <a href=\"https:\/\/t.co\/qmRxNGj8sp\">pic.twitter.com\/qmRxNGj8sp<\/a><\/p>&mdash; Zona Roja Oaxaca (@Zona_Roja_Oax) <a href=\"https:\/\/twitter.com\/Zona_Roja_Oax\/status\/1437950357594849287?ref_src=twsrc%5Etfw\">15 de septiembre de 2021<\/a><\/blockquote><\/div>\n<\/div><\/figure>\n\n\n\n<p>En relaci\u00f3n a la ocupaci\u00f3n hospitalaria, destaca la Jurisdicci\u00f3n Sanitaria de Valles Centrales con 71.3%, seguida del Istmo con 67.5%, Mixteca con 57.1%, Tuxtepec con el 55.2%, Costa 34.7% y Sierra 0%; de las 508 camas destinadas para pacientes con esta enfermedad, se encuentran disponibles 193.<\/p>\n\n\n\n<p>Por ello, los SSO mantienen el exhorto a las autoridades de los 570 municipios de la entidad, toda vez que aunque se permanezca en sem\u00e1foro de riesgo epid\u00e9mico color amarillo, no existen las condiciones de salubridad necesarias que permitan la realizaci\u00f3n de bailes, fiestas, ferias, conciertos y\/o celebraciones con motivo a \u201cSeptiembre, Mes de la Patria\u201d.<\/p>\n\n\n\n<p>La dependencia refiri\u00f3 que, en sem\u00e1foro amarillo, todas las actividades laborales est\u00e1n permitidas, tomando en cuenta las medidas de cuidado m\u00e1ximo para las personas con mayor riesgo de presentar un cuadro grave de Covid-19, el espacio p\u00fablico abierto se abre de forma regular, y los espacios p\u00fablicos cerrados se pueden abrir con aforo reducido del 50%, sin embargo, se recomienda evitar eventos masivos.<\/p>\n\n\n\n<p>Bajo la consideraci\u00f3n de que la salud es responsabilidad de todas y todos, y de que la colaboraci\u00f3n permitir\u00e1 mitigar el n\u00famero de contagios, los SSO aseveraron que, las y los ediles deber\u00e1n cumplir con la normatividad en materia de salubridad p\u00fablica y con las medidas urgentes y necesarias para proteger y garantizar la salud y la vida p\u00fablica en Oaxaca, previniendo la propagaci\u00f3n y contagio del virus SARS-CoV-2.<\/p>\n","protected":false},"excerpt":{"rendered":"<p>Redacci\u00f3n\/Zona Roja. Oaxaca de Ju\u00e1rez, Oax. 14 de septiembre de 2021.- Los Servicios de Salud&hellip;<\/p>\n","protected":false},"author":2,"featured_media":32039,"comment_status":"closed","ping_status":"open","sticky":false,"template":"","format":"standard","meta":{"_lmt_disableupdate":"","_lmt_disable":"","_jetpack_memberships_contains_paid_content":false,"footnotes":""},"categories":[109,47],"tags":[1512],"class_list":["post-32038","post","type-post","status-publish","format-standard","has-post-thumbnail","hentry","category-minuto-a-minuto","category-zona-gris","tag-coronavirus-oaxaca"],"jetpack_featured_media_url":"https:\/\/zonaroja.com.mx\/wp-content\/uploads\/2021\/09\/14-de-septiembre-2021-Comunicado-te\u0301cnico.jpg","jetpack_sharing_enabled":true,"_links":{"self":[{"href":"https:\/\/zonaroja.com.mx\/index.php?rest_route=\/wp\/v2\/posts\/32038","targetHints":{"allow":["GET"]}}],"collection":[{"href":"https:\/\/zonaroja.com.mx\/index.php?rest_route=\/wp\/v2\/posts"}],"about":[{"href":"https:\/\/zonaroja.com.mx\/index.php?rest_route=\/wp\/v2\/types\/post"}],"author":[{"embeddable":true,"href":"https:\/\/zonaroja.com.mx\/index.php?rest_route=\/wp\/v2\/users\/2"}],"replies":[{"embeddable":true,"href":"https:\/\/zonaroja.com.mx\/index.php?rest_route=%2Fwp%2Fv2%2Fcomments&post=32038"}],"version-history":[{"count":1,"href":"https:\/\/zonaroja.com.mx\/index.php?rest_route=\/wp\/v2\/posts\/32038\/revisions"}],"predecessor-version":[{"id":32040,"href":"https:\/\/zonaroja.com.mx\/index.php?rest_route=\/wp\/v2\/posts\/32038\/revisions\/32040"}],"wp:featuredmedia":[{"embeddable":true,"href":"https:\/\/zonaroja.com.mx\/index.php?rest_route=\/wp\/v2\/media\/32039"}],"wp:attachment":[{"href":"https:\/\/zonaroja.com.mx\/index.php?rest_route=%2Fwp%2Fv2%2Fmedia&parent=32038"}],"wp:term":[{"taxonomy":"category","embeddable":true,"href":"https:\/\/zonaroja.com.mx\/index.php?rest_route=%2Fwp%2Fv2%2Fcategories&post=32038"},{"taxonomy":"post_tag","embeddable":true,"href":"https:\/\/zonaroja.com.mx\/index.php?rest_route=%2Fwp%2Fv2%2Ftags&post=32038"}],"curies":[{"name":"wp","href":"https:\/\/api.w.org\/{rel}","templated":true}]}}