{"id":32042,"date":"2021-09-15T07:56:44","date_gmt":"2021-09-15T12:56:44","guid":{"rendered":"http:\/\/www.zonaroja.com.mx\/?p=32042"},"modified":"2021-09-15T07:56:48","modified_gmt":"2021-09-15T12:56:48","slug":"invitan-a-consultar-edicion-19-del-boletin-digital-sobre-dh-genero-y-justicia","status":"publish","type":"post","link":"https:\/\/zonaroja.com.mx\/?p=32042","title":{"rendered":"Invitan a consultar edici\u00f3n 19 del bolet\u00edn digital sobre DH, G\u00e9nero y Justicia"},"content":{"rendered":"\n<p>Redacci\u00f3n\/Zona Roja.<\/p>\n\n\n\n<p>Oaxaca de Ju\u00e1rez, Oax., 15 de septiembre de 2021.- Con diferentes temas del \u00e1mbito jur\u00eddico, la edici\u00f3n 19 del bolet\u00edn digital \u201cDerechos Humanos, G\u00e9nero y Justicia\u201d, que edita el Poder Judicial del Estado, a trav\u00e9s de la Direcci\u00f3n de Derechos Humanos del Consejo de la Judicatura, ya se encuentra disponible para su lectura y consulta.<\/p>\n\n\n\n<p>En esta ocasi\u00f3n, se aborda la reforma en materia ind\u00edgena, su an\u00e1lisis, interpretaci\u00f3n y reflexi\u00f3n, as\u00ed como las acciones que se est\u00e1n realizando, alcances, logros y retos para seguir contribuyendo desde la perspectiva del actuar judicial, al ejercicio de los derechos de las comunidades originarias, al ser Oaxaca una entidad pluricultural.<\/p>\n\n\n\n<p>Dentro de los art\u00edculos se comparte el mensaje del presidente del Tribunal Superior de Justicia del Estado, magistrado Eduardo Pinacho S\u00e1nchez, durante la conferencia magistral \u201cLa nueva Reforma en materia Ind\u00edgena\u201d, donde hace hincapi\u00e9 en el proceso hist\u00f3rico y transformaciones pol\u00edticas que han atravesado los pueblos ind\u00edgenas para el reconocimiento de sus derechos.<\/p>\n\n\n\n<p>Por otra parte, en el texto \u201cUna perspectiva sociol\u00f3gica del derecho Ind\u00edgena Triqui en los tiempos del Covid-19\u201d, el estudiante del Doctorado en el Instituto de Investigaciones Jur\u00eddicas de la Universidad Aut\u00f3noma de M\u00e9xico, Epifanio D\u00edaz Sarabia, analiza desde la perspectiva de la sociolog\u00eda jur\u00eddica y la interculturalidad, el grado de afectaci\u00f3n de la pandemia por Covid-19 en las formas de organizaci\u00f3n jur\u00eddica, pol\u00edtica, social y cultural de esta comunidad, principalmente en los barrios de San Juan Copala.<\/p>\n\n\n\n<p>Dentro de la secci\u00f3n \u201cDerechos en Movimiento\u201d, se describe el ciclo de actividades institucionales que realiz\u00f3 el Poder Judicial del Estado en torno a los 20 a\u00f1os de la reforma constitucional en materia Ind\u00edgena, como una conferencia magistral y mesas de an\u00e1lisis, donde participaron destacadas personalidades, como la senadora Susana Harp, la diputada federal Irma Juan Pablo, la activista Elvira Pablo y el director del Instituto Nacional de Pueblos Ind\u00edgenas (INPI), Juan Carlos Mart\u00ednez.<\/p>\n\n\n\n<p>Asimismo, se encuentran dos importantes recomendaciones literarias en torno al tema \u201cPluralismo Jur\u00eddico: Fundamentos de una nueva cultural del derecho\u201d, de la autor\u00eda de Antonio Carlos Wolkmer, as\u00ed como \u201cEl Derecho en Am\u00e9rica Latina: un mapa para el pensamiento jur\u00eddico del siglo XXI\u201d, libro escrito por C\u00e9sar A. Rodr\u00edguez Garavito. El bolet\u00edn digital es un espacio que permite la cr\u00edtica, propuesta e innovaci\u00f3n a trav\u00e9s de diversos contenidos que tienen el prop\u00f3sito de crear una reflexi\u00f3n sobre t\u00f3picos actuales y la manera en que se administra la justicia desde perspectivas como g\u00e9nero, pluralismo jur\u00eddico, interculturalidad y derechos humanos. Para consulta directa del archivo digital se puede consultar el enlace https:\/\/bit.ly\/3haE0B4 o las redes oficiales de la Direcci\u00f3n de Derechos Humanos del Consejo de la Judicatura Tw @DerechosDh y Facebook www.facebook.com\/DerechosHumanosPJEO; as\u00ed como del Tribunal Superior de Justicia.<\/p>\n","protected":false},"excerpt":{"rendered":"<p>Redacci\u00f3n\/Zona Roja. Oaxaca de Ju\u00e1rez, Oax., 15 de septiembre de 2021.- Con diferentes temas del&hellip;<\/p>\n","protected":false},"author":2,"featured_media":32043,"comment_status":"closed","ping_status":"open","sticky":false,"template":"","format":"standard","meta":{"_lmt_disableupdate":"","_lmt_disable":"","_jetpack_memberships_contains_paid_content":false,"footnotes":""},"categories":[109,46],"tags":[223],"class_list":["post-32042","post","type-post","status-publish","format-standard","has-post-thumbnail","hentry","category-minuto-a-minuto","category-zona-blanca","tag-poder-judicial-de-oaxaca"],"jetpack_featured_media_url":"https:\/\/zonaroja.com.mx\/wp-content\/uploads\/2021\/09\/Boletin-digital-no.-19.jpeg","jetpack_sharing_enabled":true,"_links":{"self":[{"href":"https:\/\/zonaroja.com.mx\/index.php?rest_route=\/wp\/v2\/posts\/32042","targetHints":{"allow":["GET"]}}],"collection":[{"href":"https:\/\/zonaroja.com.mx\/index.php?rest_route=\/wp\/v2\/posts"}],"about":[{"href":"https:\/\/zonaroja.com.mx\/index.php?rest_route=\/wp\/v2\/types\/post"}],"author":[{"embeddable":true,"href":"https:\/\/zonaroja.com.mx\/index.php?rest_route=\/wp\/v2\/users\/2"}],"replies":[{"embeddable":true,"href":"https:\/\/zonaroja.com.mx\/index.php?rest_route=%2Fwp%2Fv2%2Fcomments&post=32042"}],"version-history":[{"count":1,"href":"https:\/\/zonaroja.com.mx\/index.php?rest_route=\/wp\/v2\/posts\/32042\/revisions"}],"predecessor-version":[{"id":32044,"href":"https:\/\/zonaroja.com.mx\/index.php?rest_route=\/wp\/v2\/posts\/32042\/revisions\/32044"}],"wp:featuredmedia":[{"embeddable":true,"href":"https:\/\/zonaroja.com.mx\/index.php?rest_route=\/wp\/v2\/media\/32043"}],"wp:attachment":[{"href":"https:\/\/zonaroja.com.mx\/index.php?rest_route=%2Fwp%2Fv2%2Fmedia&parent=32042"}],"wp:term":[{"taxonomy":"category","embeddable":true,"href":"https:\/\/zonaroja.com.mx\/index.php?rest_route=%2Fwp%2Fv2%2Fcategories&post=32042"},{"taxonomy":"post_tag","embeddable":true,"href":"https:\/\/zonaroja.com.mx\/index.php?rest_route=%2Fwp%2Fv2%2Ftags&post=32042"}],"curies":[{"name":"wp","href":"https:\/\/api.w.org\/{rel}","templated":true}]}}